{"id":2290,"date":"2022-02-04T17:12:47","date_gmt":"2022-02-04T16:12:47","guid":{"rendered":"https:\/\/andrea.soltis.cz\/?p=2290"},"modified":"2023-05-17T19:12:09","modified_gmt":"2023-05-17T17:12:09","slug":"jak-jsem-rekla-dost","status":"publish","type":"post","link":"https:\/\/andrea.soltis.cz\/index.php\/2022\/02\/04\/jak-jsem-rekla-dost\/","title":{"rendered":"Jak jsem \u0159ekla DOST!"},"content":{"rendered":"\t\t<div data-elementor-type=\"wp-post\" data-elementor-id=\"2290\" class=\"elementor elementor-2290\">\n\t\t\t\t\t\t<section class=\"elementor-section elementor-top-section elementor-element elementor-element-d372c5a elementor-section-boxed elementor-section-height-default elementor-section-height-default\" data-id=\"d372c5a\" data-element_type=\"section\" data-e-type=\"section\">\n\t\t\t\t\t\t<div class=\"elementor-container elementor-column-gap-default\">\n\t\t\t\t\t<div class=\"elementor-column elementor-col-100 elementor-top-column elementor-element elementor-element-6f92238\" data-id=\"6f92238\" data-element_type=\"column\" data-e-type=\"column\">\n\t\t\t<div class=\"elementor-widget-wrap elementor-element-populated\">\n\t\t\t\t\t\t<div class=\"elementor-element elementor-element-ee43f2a elementor-widget elementor-widget-text-editor\" data-id=\"ee43f2a\" data-element_type=\"widget\" data-e-type=\"widget\" data-widget_type=\"text-editor.default\">\n\t\t\t\t<div class=\"elementor-widget-container\">\n\t\t\t\t\t\t\t\t\t<p><span style=\"font-family: Calibri, sans-serif;\"><span style=\"font-size: large;\">Nikdy jsem nebyla hube\u0148our. Do cca 23 let \u0159\u00edk\u00e1vali holka &#8222;krev a ml\u00edko&#8220;. Ov\u0161em po n\u00e1stupu do pr\u00e1ce se postupn\u011b krev a ml\u00edko za\u010daly m\u011bnit na s\u00e1dlo&#8230; V\u016fbec se mi to nel\u00edbilo, byla jsem sama ze sebe ne\u0161\u0165astn\u00e1 a zkou\u0161ela neust\u00e1le n\u011bjak\u00e9 diety a podivn\u00e1 cvi\u010den\u00ed, kter\u00e1 slibovala rychl\u00fd \u00fabytek bez n\u00e1mahy. Motala jsem se v jojo efektu. Kolegyn\u011b v pr\u00e1ci m\u011b neust\u00e1le chl\u00e1cholily, \u017ee to ur\u010dit\u011b po d\u011btech shod\u00edm, \u017ee se s nimi nab\u011bh\u00e1m a\u017e a\u017e. Bylo to pro m\u011b pomysln\u00e9 <b>sv\u011btlo na konci tunelu<\/b>.<\/span><\/span><\/p><p><span style=\"font-family: Calibri, sans-serif;\"><span style=\"font-size: large;\"> S prvn\u00edm d\u00edt\u011btem opravdu kila <b>ub\u00fdval<\/b><b>a<\/b>, u\u017e v t\u011bhotenstv\u00ed jsem nep\u0159ibrala ani kilo a z\u016fst\u00e1vala st\u00e1le na v\u00e1ze 105 kg. Po porodu \u0161lo 10 kilo dol\u016f a p\u0159i intenzivn\u00edm ko\u010d\u00e1rkov\u00e1n\u00ed a kojen\u00ed dal\u0161\u00edch 5. Jen\u017ee kojen\u00ed ub\u00fdvalo, kila p\u0159ib\u00fdvala a ne\u017e jsem se nad\u00e1la, byla jsem op\u011bt t\u011bhotn\u00e1 a na sv\u00e9 p\u016fvodn\u00ed v\u00e1ze. Tentokr\u00e1t jsem h\u016f\u0159e zvl\u00e1dnutou cukrovkou je\u0161t\u011b 2 kila p\u0159ibrala. P\u0159ipadala jsem si jako <b>velryba<\/b>. <\/span><\/span><\/p><p><span style=\"font-family: Calibri, sans-serif;\"><span style=\"font-size: large;\"> Po druh\u00e9m porodu u\u017e ta kila dol\u016f ne\u0161la tak jednodu\u0161e, sp\u00ed\u0161 to cel\u00e9 <b>stagnovalo<\/b>. Sna\u017eila jsem se j\u00edst zdrav\u011b, do ka\u017ed\u00e9ho j\u00eddla cpala spoustu zeleniny, m\u00e1lo tuku, \u017e\u00e1dn\u00e9 j\u00ed\u0161ky ani nic podobn\u00e9ho, celozrnn\u00e9 obiloviny, atd. S d\u011btmi jsem se nachodila a\u017e a\u017e, to je fakt, nicm\u00e9n\u011b s v\u00e1hou jsem nehla.<\/span><\/span><\/p>\t\t\t\t\t\t\t\t<\/div>\n\t\t\t\t<\/div>\n\t\t\t\t<div class=\"elementor-element elementor-element-5a08db1 elementor-widget elementor-widget-image\" data-id=\"5a08db1\" data-element_type=\"widget\" data-e-type=\"widget\" data-widget_type=\"image.default\">\n\t\t\t\t<div class=\"elementor-widget-container\">\n\t\t\t\t\t\t\t\t\t\t\t\t\t\t\t<img fetchpriority=\"high\" decoding=\"async\" width=\"768\" height=\"432\" src=\"https:\/\/andrea.soltis.cz\/wp-content\/uploads\/2022\/02\/download_20170814_174259-768x432.jpg\" class=\"attachment-medium_large size-medium_large wp-image-2294\" alt=\"\" srcset=\"https:\/\/andrea.soltis.cz\/wp-content\/uploads\/2022\/02\/download_20170814_174259-768x432.jpg 768w, https:\/\/andrea.soltis.cz\/wp-content\/uploads\/2022\/02\/download_20170814_174259-300x169.jpg 300w, https:\/\/andrea.soltis.cz\/wp-content\/uploads\/2022\/02\/download_20170814_174259-1024x576.jpg 1024w, https:\/\/andrea.soltis.cz\/wp-content\/uploads\/2022\/02\/download_20170814_174259-1536x864.jpg 1536w, https:\/\/andrea.soltis.cz\/wp-content\/uploads\/2022\/02\/download_20170814_174259.jpg 2048w\" sizes=\"(max-width: 768px) 100vw, 768px\" \/>\t\t\t\t\t\t\t\t\t\t\t\t\t\t\t<\/div>\n\t\t\t\t<\/div>\n\t\t\t\t<div class=\"elementor-element elementor-element-c5f8108 elementor-widget elementor-widget-text-editor\" data-id=\"c5f8108\" data-element_type=\"widget\" data-e-type=\"widget\" data-widget_type=\"text-editor.default\">\n\t\t\t\t<div class=\"elementor-widget-container\">\n\t\t\t\t\t\t\t\t\t<p><span style=\"font-family: Calibri, sans-serif;\"><span style=\"font-size: large;\">Ve t\u0159et\u00edm t\u011bhotenstv\u00ed v\u00e1ha st\u00e1la st\u00e1le na stejn\u00e9m \u010d\u00edsle. Po porodu to \u0161lo jen lehce dol\u016f a po n\u011bjak\u00e9 dob\u011b to bylo op\u011bt zp\u011bt. Se t\u0159emi d\u011btmi jsem lehala ve\u010der <b>vy\u010derpan\u00e1<\/b> sp\u00e1t a \u0159\u00edkala si, \u017ee to nen\u00ed mo\u017en\u00e9, \u017ee m\u00e1m p\u0159ece pohybu dost, j\u00edm jak\u017etak\u017e zdrav\u011b a kila se v\u016fbec, ale v\u016fbec neh\u00fdbou. <\/span><\/span><\/p><p><span style=\"font-family: Calibri, sans-serif;\"><span style=\"font-size: large;\"> Uv\u011bdomila jsem si, \u017ee nejhor\u0161\u00ed jsou pro mne ve\u010dery. Jakmile odbila 19. hodina, d\u011bti spaly a j\u00e1 sl\u00eddila, kde bych co <b>se\u017erala<\/b>. Za\u010dala jsem na sob\u011b sledovat neblah\u00fd vliv sladk\u00fdch sn\u00eddan\u00ed. Kdykoliv jsem si na sn\u00eddani dala n\u011bco sladk\u00e9ho, a\u0165 to byla ka\u0161e nebo celozrnn\u00e1 buchta slazen\u00e1 medem, nebylo mi dob\u0159e. Nejprve jsem m\u011bla po hodin\u011b od j\u00eddla n\u00e1valy horka a po t\u0159ech hodin\u00e1ch jsem byla <b>agresivn\u00ed<\/b> a pokud jsem se nedostala k j\u00eddlu, \u0159vala jsem jako tygr na v\u0161echny.<\/span><\/span><\/p>\t\t\t\t\t\t\t\t<\/div>\n\t\t\t\t<\/div>\n\t\t\t\t<div class=\"elementor-element elementor-element-aeca955 elementor-widget elementor-widget-image\" data-id=\"aeca955\" data-element_type=\"widget\" data-e-type=\"widget\" data-widget_type=\"image.default\">\n\t\t\t\t<div class=\"elementor-widget-container\">\n\t\t\t\t\t\t\t\t\t\t\t\t\t\t\t<img decoding=\"async\" width=\"768\" height=\"511\" src=\"https:\/\/andrea.soltis.cz\/wp-content\/uploads\/2022\/02\/DSC_0824.NEF_-768x511.jpg\" class=\"attachment-medium_large size-medium_large wp-image-2295\" alt=\"\" srcset=\"https:\/\/andrea.soltis.cz\/wp-content\/uploads\/2022\/02\/DSC_0824.NEF_-768x511.jpg 768w, https:\/\/andrea.soltis.cz\/wp-content\/uploads\/2022\/02\/DSC_0824.NEF_-300x199.jpg 300w, https:\/\/andrea.soltis.cz\/wp-content\/uploads\/2022\/02\/DSC_0824.NEF_-1024x681.jpg 1024w, https:\/\/andrea.soltis.cz\/wp-content\/uploads\/2022\/02\/DSC_0824.NEF_-1536x1021.jpg 1536w, https:\/\/andrea.soltis.cz\/wp-content\/uploads\/2022\/02\/DSC_0824.NEF_-2048x1362.jpg 2048w\" sizes=\"(max-width: 768px) 100vw, 768px\" \/>\t\t\t\t\t\t\t\t\t\t\t\t\t\t\t<\/div>\n\t\t\t\t<\/div>\n\t\t\t\t<div class=\"elementor-element elementor-element-e60cbfd elementor-widget elementor-widget-text-editor\" data-id=\"e60cbfd\" data-element_type=\"widget\" data-e-type=\"widget\" data-widget_type=\"text-editor.default\">\n\t\t\t\t<div class=\"elementor-widget-container\">\n\t\t\t\t\t\t\t\t\t<p><span style=\"font-family: Calibri, sans-serif;\"><span style=\"font-size: large;\">A tu mi za\u010dal v hlav\u011b blikat maj\u00e1\u010dek <i>\u201eBacha, tady je n\u011bco \u0161patn\u011b, v\u017edy\u0165 jsi m\u011bla 3x t\u011bhotenskou cukrovku na inzul\u00ednu, okam\u017eit\u011b se objednej n\u011bkde na kontrolu!\u201c<\/i><\/span><\/span><\/p><p><span style=\"font-size: large; font-family: Calibri, sans-serif; font-style: inherit; font-weight: inherit; background-color: var(--ast-global-color-7); color: var(--ast-global-color-1);\">No popravd\u011b jsem v tomhle kroku je\u0161t\u011b dobr\u00e9ho p\u016fl roku prokrastinovala.<\/span><\/p>\n<p><span style=\"font-family: Calibri, sans-serif;\"><span style=\"font-size: large;\"> Bloumala jsem po internetu a p\u0159em\u00fd\u0161lela, jak za\u010d\u00edt a co pro sebe za\u010d\u00edt d\u011blat. Najednou jsem na n\u011bjak\u00e9 str\u00e1nce narazila na <i>\u201etest sacharidov\u00e9 tolerance\u201c<\/i>. Samoz\u0159ejm\u011b jsem si jej ud\u011blala. V\u00fdsledek byl pro m\u011b <b>\u0161okuj\u00edc\u00ed<\/b>! Moje tolerance v\u016f\u010di sacharid\u016fm mi vy\u0161la t\u00e9m\u011b\u0159 nulov\u00e1!!!<\/span><\/span><\/p>\t\t\t\t\t\t\t\t<\/div>\n\t\t\t\t<\/div>\n\t\t\t\t<div class=\"elementor-element elementor-element-a79ebe1 elementor-widget elementor-widget-heading\" data-id=\"a79ebe1\" data-element_type=\"widget\" data-e-type=\"widget\" data-widget_type=\"heading.default\">\n\t\t\t\t<div class=\"elementor-widget-container\">\n\t\t\t\t\t<h2 class=\"elementor-heading-title elementor-size-xxl\"><p align=\"center\" style=\"line-height: 100%;margin-bottom: 0cm\"><span style=\"color: var(--ast-global-color-1);font-size: 2rem;font-style: inherit;background-color: var(--ast-global-color-7)\">A tak jsem \u0159ekla DOST!<\/span><\/p><\/h2>\t\t\t\t<\/div>\n\t\t\t\t<\/div>\n\t\t\t\t<div class=\"elementor-element elementor-element-9f8302d elementor-widget elementor-widget-text-editor\" data-id=\"9f8302d\" data-element_type=\"widget\" data-e-type=\"widget\" data-widget_type=\"text-editor.default\">\n\t\t\t\t<div class=\"elementor-widget-container\">\n\t\t\t\t\t\t\t\t\t<p align=\"left\"><span style=\"font-family: Calibri, sans-serif;\"><span style=\"font-size: large;\">A jak to bylo d\u00e1l? O tom bude dal\u0161\u00ed \u010dl\u00e1nek :-).<\/span><\/span><\/p>\t\t\t\t\t\t\t\t<\/div>\n\t\t\t\t<\/div>\n\t\t\t\t\t<\/div>\n\t\t<\/div>\n\t\t\t\t\t<\/div>\n\t\t<\/section>\n\t\t\t\t<\/div>\n\t\t","protected":false},"excerpt":{"rendered":"<p>Nikdy jsem nebyla hube\u0148our. Do cca 23 let \u0159\u00edk\u00e1vali holka &#8222;krev a ml\u00edko&#8220;. Ov\u0161em po n\u00e1stupu do pr\u00e1ce se postupn\u011b krev a ml\u00edko za\u010daly m\u011bnit na s\u00e1dlo&#8230; V\u016fbec se mi to nel\u00edbilo, byla jsem sama ze sebe ne\u0161\u0165astn\u00e1 a zkou\u0161ela neust\u00e1le n\u011bjak\u00e9 diety a podivn\u00e1 cvi\u010den\u00ed, kter\u00e1 slibovala rychl\u00fd \u00fabytek bez n\u00e1mahy. Motala jsem se [&hellip;]<\/p>\n","protected":false},"author":6,"featured_media":2291,"comment_status":"open","ping_status":"open","sticky":false,"template":"elementor_theme","format":"standard","meta":{"_uag_custom_page_level_css":"","site-sidebar-layout":"default","site-content-layout":"","ast-site-content-layout":"default","site-content-style":"default","site-sidebar-style":"default","ast-global-header-display":"","ast-banner-title-visibility":"","ast-main-header-display":"","ast-hfb-above-header-display":"","ast-hfb-below-header-display":"","ast-hfb-mobile-header-display":"","site-post-title":"","ast-breadcrumbs-content":"","ast-featured-img":"","footer-sml-layout":"","ast-disable-related-posts":"","theme-transparent-header-meta":"","adv-header-id-meta":"","stick-header-meta":"","header-above-stick-meta":"","header-main-stick-meta":"","header-below-stick-meta":"","astra-migrate-meta-layouts":"default","ast-page-background-enabled":"default","ast-page-background-meta":{"desktop":{"background-color":"","background-image":"","background-repeat":"repeat","background-position":"center center","background-size":"auto","background-attachment":"scroll","background-type":"","background-media":"","overlay-type":"","overlay-color":"","overlay-opacity":"","overlay-gradient":""},"tablet":{"background-color":"","background-image":"","background-repeat":"repeat","background-position":"center center","background-size":"auto","background-attachment":"scroll","background-type":"","background-media":"","overlay-type":"","overlay-color":"","overlay-opacity":"","overlay-gradient":""},"mobile":{"background-color":"","background-image":"","background-repeat":"repeat","background-position":"center center","background-size":"auto","background-attachment":"scroll","background-type":"","background-media":"","overlay-type":"","overlay-color":"","overlay-opacity":"","overlay-gradient":""}},"ast-content-background-meta":{"desktop":{"background-color":"var(--ast-global-color-5)","background-image":"","background-repeat":"repeat","background-position":"center center","background-size":"auto","background-attachment":"scroll","background-type":"","background-media":"","overlay-type":"","overlay-color":"","overlay-opacity":"","overlay-gradient":""},"tablet":{"background-color":"var(--ast-global-color-5)","background-image":"","background-repeat":"repeat","background-position":"center center","background-size":"auto","background-attachment":"scroll","background-type":"","background-media":"","overlay-type":"","overlay-color":"","overlay-opacity":"","overlay-gradient":""},"mobile":{"background-color":"var(--ast-global-color-5)","background-image":"","background-repeat":"repeat","background-position":"center center","background-size":"auto","background-attachment":"scroll","background-type":"","background-media":"","overlay-type":"","overlay-color":"","overlay-opacity":"","overlay-gradient":""}},"footnotes":""},"categories":[8],"tags":[],"class_list":["post-2290","post","type-post","status-publish","format-standard","has-post-thumbnail","hentry","category-prediabetes"],"yoast_head":"<!-- This site is optimized with the Yoast SEO plugin v27.4 - https:\/\/yoast.com\/product\/yoast-seo-wordpress\/ -->\n<title>Jak jsem \u0159ekla DOST! - Bez Cukru Hrav\u011b a Zdrav\u011b<\/title>\n<meta name=\"robots\" content=\"index, follow, max-snippet:-1, max-image-preview:large, max-video-preview:-1\" \/>\n<link rel=\"canonical\" href=\"https:\/\/andrea.soltis.cz\/index.php\/2022\/02\/04\/jak-jsem-rekla-dost\/\" \/>\n<meta property=\"og:locale\" content=\"cs_CZ\" \/>\n<meta property=\"og:type\" content=\"article\" \/>\n<meta property=\"og:title\" content=\"Jak jsem \u0159ekla DOST! - Bez Cukru Hrav\u011b a Zdrav\u011b\" \/>\n<meta property=\"og:description\" content=\"Nikdy jsem nebyla hube\u0148our. Do cca 23 let \u0159\u00edk\u00e1vali holka &#8222;krev a ml\u00edko&#8220;. Ov\u0161em po n\u00e1stupu do pr\u00e1ce se postupn\u011b krev a ml\u00edko za\u010daly m\u011bnit na s\u00e1dlo&#8230; V\u016fbec se mi to nel\u00edbilo, byla jsem sama ze sebe ne\u0161\u0165astn\u00e1 a zkou\u0161ela neust\u00e1le n\u011bjak\u00e9 diety a podivn\u00e1 cvi\u010den\u00ed, kter\u00e1 slibovala rychl\u00fd \u00fabytek bez n\u00e1mahy. Motala jsem se [&hellip;]\" \/>\n<meta property=\"og:url\" content=\"https:\/\/andrea.soltis.cz\/index.php\/2022\/02\/04\/jak-jsem-rekla-dost\/\" \/>\n<meta property=\"og:site_name\" content=\"Bez Cukru Hrav\u011b a Zdrav\u011b\" \/>\n<meta property=\"article:published_time\" content=\"2022-02-04T16:12:47+00:00\" \/>\n<meta property=\"article:modified_time\" content=\"2023-05-17T17:12:09+00:00\" \/>\n<meta property=\"og:image\" content=\"https:\/\/andrea.soltis.cz\/wp-content\/uploads\/2022\/02\/IMG_20180626_173135-scaled.jpg\" \/>\n\t<meta property=\"og:image:width\" content=\"2560\" \/>\n\t<meta property=\"og:image:height\" content=\"1440\" \/>\n\t<meta property=\"og:image:type\" content=\"image\/jpeg\" \/>\n<meta name=\"author\" content=\"Andrea \u0160oltisov\u00e1\" \/>\n<meta name=\"twitter:card\" content=\"summary_large_image\" \/>\n<meta name=\"twitter:label1\" content=\"Napsal(a)\" \/>\n\t<meta name=\"twitter:data1\" content=\"Andrea \u0160oltisov\u00e1\" \/>\n\t<meta name=\"twitter:label2\" content=\"Odhadovan\u00e1 doba \u010dten\u00ed\" \/>\n\t<meta name=\"twitter:data2\" content=\"3 minuty\" \/>\n<script type=\"application\/ld+json\" class=\"yoast-schema-graph\">{\"@context\":\"https:\\\/\\\/schema.org\",\"@graph\":[{\"@type\":\"Article\",\"@id\":\"https:\\\/\\\/andrea.soltis.cz\\\/index.php\\\/2022\\\/02\\\/04\\\/jak-jsem-rekla-dost\\\/#article\",\"isPartOf\":{\"@id\":\"https:\\\/\\\/andrea.soltis.cz\\\/index.php\\\/2022\\\/02\\\/04\\\/jak-jsem-rekla-dost\\\/\"},\"author\":{\"name\":\"Andrea \u0160oltisov\u00e1\",\"@id\":\"https:\\\/\\\/andrea.soltis.cz\\\/#\\\/schema\\\/person\\\/a54682aae548588802cb28692c5ea061\"},\"headline\":\"Jak jsem \u0159ekla DOST!\",\"datePublished\":\"2022-02-04T16:12:47+00:00\",\"dateModified\":\"2023-05-17T17:12:09+00:00\",\"mainEntityOfPage\":{\"@id\":\"https:\\\/\\\/andrea.soltis.cz\\\/index.php\\\/2022\\\/02\\\/04\\\/jak-jsem-rekla-dost\\\/\"},\"wordCount\":575,\"commentCount\":0,\"publisher\":{\"@id\":\"https:\\\/\\\/andrea.soltis.cz\\\/#organization\"},\"image\":{\"@id\":\"https:\\\/\\\/andrea.soltis.cz\\\/index.php\\\/2022\\\/02\\\/04\\\/jak-jsem-rekla-dost\\\/#primaryimage\"},\"thumbnailUrl\":\"https:\\\/\\\/andrea.soltis.cz\\\/wp-content\\\/uploads\\\/2022\\\/02\\\/IMG_20180626_173135-scaled.jpg\",\"articleSection\":[\"Prediabetes\"],\"inLanguage\":\"cs\",\"potentialAction\":[{\"@type\":\"CommentAction\",\"name\":\"Comment\",\"target\":[\"https:\\\/\\\/andrea.soltis.cz\\\/index.php\\\/2022\\\/02\\\/04\\\/jak-jsem-rekla-dost\\\/#respond\"]}]},{\"@type\":\"WebPage\",\"@id\":\"https:\\\/\\\/andrea.soltis.cz\\\/index.php\\\/2022\\\/02\\\/04\\\/jak-jsem-rekla-dost\\\/\",\"url\":\"https:\\\/\\\/andrea.soltis.cz\\\/index.php\\\/2022\\\/02\\\/04\\\/jak-jsem-rekla-dost\\\/\",\"name\":\"Jak jsem \u0159ekla DOST! - Bez Cukru Hrav\u011b a Zdrav\u011b\",\"isPartOf\":{\"@id\":\"https:\\\/\\\/andrea.soltis.cz\\\/#website\"},\"primaryImageOfPage\":{\"@id\":\"https:\\\/\\\/andrea.soltis.cz\\\/index.php\\\/2022\\\/02\\\/04\\\/jak-jsem-rekla-dost\\\/#primaryimage\"},\"image\":{\"@id\":\"https:\\\/\\\/andrea.soltis.cz\\\/index.php\\\/2022\\\/02\\\/04\\\/jak-jsem-rekla-dost\\\/#primaryimage\"},\"thumbnailUrl\":\"https:\\\/\\\/andrea.soltis.cz\\\/wp-content\\\/uploads\\\/2022\\\/02\\\/IMG_20180626_173135-scaled.jpg\",\"datePublished\":\"2022-02-04T16:12:47+00:00\",\"dateModified\":\"2023-05-17T17:12:09+00:00\",\"breadcrumb\":{\"@id\":\"https:\\\/\\\/andrea.soltis.cz\\\/index.php\\\/2022\\\/02\\\/04\\\/jak-jsem-rekla-dost\\\/#breadcrumb\"},\"inLanguage\":\"cs\",\"potentialAction\":[{\"@type\":\"ReadAction\",\"target\":[\"https:\\\/\\\/andrea.soltis.cz\\\/index.php\\\/2022\\\/02\\\/04\\\/jak-jsem-rekla-dost\\\/\"]}]},{\"@type\":\"ImageObject\",\"inLanguage\":\"cs\",\"@id\":\"https:\\\/\\\/andrea.soltis.cz\\\/index.php\\\/2022\\\/02\\\/04\\\/jak-jsem-rekla-dost\\\/#primaryimage\",\"url\":\"https:\\\/\\\/andrea.soltis.cz\\\/wp-content\\\/uploads\\\/2022\\\/02\\\/IMG_20180626_173135-scaled.jpg\",\"contentUrl\":\"https:\\\/\\\/andrea.soltis.cz\\\/wp-content\\\/uploads\\\/2022\\\/02\\\/IMG_20180626_173135-scaled.jpg\",\"width\":2560,\"height\":1440},{\"@type\":\"BreadcrumbList\",\"@id\":\"https:\\\/\\\/andrea.soltis.cz\\\/index.php\\\/2022\\\/02\\\/04\\\/jak-jsem-rekla-dost\\\/#breadcrumb\",\"itemListElement\":[{\"@type\":\"ListItem\",\"position\":1,\"name\":\"Dom\u016f\",\"item\":\"https:\\\/\\\/andrea.soltis.cz\\\/\"},{\"@type\":\"ListItem\",\"position\":2,\"name\":\"Jak jsem \u0159ekla DOST!\"}]},{\"@type\":\"WebSite\",\"@id\":\"https:\\\/\\\/andrea.soltis.cz\\\/#website\",\"url\":\"https:\\\/\\\/andrea.soltis.cz\\\/\",\"name\":\"Bez Cukru Hrav\u011b a Zdrav\u011b\",\"description\":\"(NE)sladk\u00e9 t\u011bhotenstv\u00ed, aneb jak se vypo\u0159\u00e1dat s t\u011bhotenskou cukrovkou a prediabetem.\",\"publisher\":{\"@id\":\"https:\\\/\\\/andrea.soltis.cz\\\/#organization\"},\"potentialAction\":[{\"@type\":\"SearchAction\",\"target\":{\"@type\":\"EntryPoint\",\"urlTemplate\":\"https:\\\/\\\/andrea.soltis.cz\\\/?s={search_term_string}\"},\"query-input\":{\"@type\":\"PropertyValueSpecification\",\"valueRequired\":true,\"valueName\":\"search_term_string\"}}],\"inLanguage\":\"cs\"},{\"@type\":\"Organization\",\"@id\":\"https:\\\/\\\/andrea.soltis.cz\\\/#organization\",\"name\":\"Bez Cukru Hrav\u011b a Zdrav\u011b\",\"url\":\"https:\\\/\\\/andrea.soltis.cz\\\/\",\"logo\":{\"@type\":\"ImageObject\",\"inLanguage\":\"cs\",\"@id\":\"https:\\\/\\\/andrea.soltis.cz\\\/#\\\/schema\\\/logo\\\/image\\\/\",\"url\":\"https:\\\/\\\/andrea.soltis.cz\\\/wp-content\\\/uploads\\\/2021\\\/12\\\/NEsladke-tehotenstvi-NEsladky-zivot-1.png\",\"contentUrl\":\"https:\\\/\\\/andrea.soltis.cz\\\/wp-content\\\/uploads\\\/2021\\\/12\\\/NEsladke-tehotenstvi-NEsladky-zivot-1.png\",\"width\":500,\"height\":500,\"caption\":\"Bez Cukru Hrav\u011b a Zdrav\u011b\"},\"image\":{\"@id\":\"https:\\\/\\\/andrea.soltis.cz\\\/#\\\/schema\\\/logo\\\/image\\\/\"}},{\"@type\":\"Person\",\"@id\":\"https:\\\/\\\/andrea.soltis.cz\\\/#\\\/schema\\\/person\\\/a54682aae548588802cb28692c5ea061\",\"name\":\"Andrea \u0160oltisov\u00e1\",\"image\":{\"@type\":\"ImageObject\",\"inLanguage\":\"cs\",\"@id\":\"https:\\\/\\\/secure.gravatar.com\\\/avatar\\\/e26474e383891429595d6d329680667d545e61e884fbde7c12bebad9a60977cd?s=96&d=mm&r=g\",\"url\":\"https:\\\/\\\/secure.gravatar.com\\\/avatar\\\/e26474e383891429595d6d329680667d545e61e884fbde7c12bebad9a60977cd?s=96&d=mm&r=g\",\"contentUrl\":\"https:\\\/\\\/secure.gravatar.com\\\/avatar\\\/e26474e383891429595d6d329680667d545e61e884fbde7c12bebad9a60977cd?s=96&d=mm&r=g\",\"caption\":\"Andrea \u0160oltisov\u00e1\"},\"description\":\"Jsem pr\u016fvodkyn\u00ed n\u00edzkosacharidovou stravou. V\u00edce o mn\u011b si m\u016f\u017eete p\u0159e\u010d\u00edst v m\u00e9m p\u0159\u00edb\u011bhu. Jsem autorkou online kurzu HRAV\u011a N\u00cdZKOSACHARIDOV\u011a a e-book\u016f M\u00e1 3 (NE)sladk\u00e1 t\u011bhotenstv\u00ed, 3+1 OSV\u011aD\u010cEN\u00ddCH TIP\u016e, JAK UDR\u017dET GLYK\u00c9MII NA UZD\u011a, Velikonoce s GDM, M\u016f\u017eu v\u016fbec jet na dovolenou???, U\u017eijte si V\u00e1noce i s t\u011bhotenskou cukrovkou,\u00a0 Afirmace pro lep\u0161\u00ed zvl\u00e1dnut\u00ed t\u011bhotensk\u00e9 cukrovky, zapisovac\u00edho den\u00edku M\u00e9 (NE)sladk\u00e9 t\u011bhotenstv\u00ed, e-kucha\u0159ky Ka\u017edodenn\u00ed recepty nejen p\u0159i t\u011bhotensk\u00e9 cukrovce\u00a0a e-booku 3 kl\u00ed\u010de ke zvl\u00e1dnut\u00ed t\u011bhotensk\u00e9 cukrovky.\",\"sameAs\":[\"http:\\\/\\\/andrea.soltis.cz\"],\"url\":\"https:\\\/\\\/andrea.soltis.cz\\\/index.php\\\/author\\\/ajusa-zakovagmail-com\\\/\"}]}<\/script>\n<!-- \/ Yoast SEO plugin. -->","yoast_head_json":{"title":"Jak jsem \u0159ekla DOST! - Bez Cukru Hrav\u011b a Zdrav\u011b","robots":{"index":"index","follow":"follow","max-snippet":"max-snippet:-1","max-image-preview":"max-image-preview:large","max-video-preview":"max-video-preview:-1"},"canonical":"https:\/\/andrea.soltis.cz\/index.php\/2022\/02\/04\/jak-jsem-rekla-dost\/","og_locale":"cs_CZ","og_type":"article","og_title":"Jak jsem \u0159ekla DOST! - Bez Cukru Hrav\u011b a Zdrav\u011b","og_description":"Nikdy jsem nebyla hube\u0148our. Do cca 23 let \u0159\u00edk\u00e1vali holka &#8222;krev a ml\u00edko&#8220;. Ov\u0161em po n\u00e1stupu do pr\u00e1ce se postupn\u011b krev a ml\u00edko za\u010daly m\u011bnit na s\u00e1dlo&#8230; V\u016fbec se mi to nel\u00edbilo, byla jsem sama ze sebe ne\u0161\u0165astn\u00e1 a zkou\u0161ela neust\u00e1le n\u011bjak\u00e9 diety a podivn\u00e1 cvi\u010den\u00ed, kter\u00e1 slibovala rychl\u00fd \u00fabytek bez n\u00e1mahy. Motala jsem se [&hellip;]","og_url":"https:\/\/andrea.soltis.cz\/index.php\/2022\/02\/04\/jak-jsem-rekla-dost\/","og_site_name":"Bez Cukru Hrav\u011b a Zdrav\u011b","article_published_time":"2022-02-04T16:12:47+00:00","article_modified_time":"2023-05-17T17:12:09+00:00","og_image":[{"width":2560,"height":1440,"url":"https:\/\/andrea.soltis.cz\/wp-content\/uploads\/2022\/02\/IMG_20180626_173135-scaled.jpg","type":"image\/jpeg"}],"author":"Andrea \u0160oltisov\u00e1","twitter_card":"summary_large_image","twitter_misc":{"Napsal(a)":"Andrea \u0160oltisov\u00e1","Odhadovan\u00e1 doba \u010dten\u00ed":"3 minuty"},"schema":{"@context":"https:\/\/schema.org","@graph":[{"@type":"Article","@id":"https:\/\/andrea.soltis.cz\/index.php\/2022\/02\/04\/jak-jsem-rekla-dost\/#article","isPartOf":{"@id":"https:\/\/andrea.soltis.cz\/index.php\/2022\/02\/04\/jak-jsem-rekla-dost\/"},"author":{"name":"Andrea \u0160oltisov\u00e1","@id":"https:\/\/andrea.soltis.cz\/#\/schema\/person\/a54682aae548588802cb28692c5ea061"},"headline":"Jak jsem \u0159ekla DOST!","datePublished":"2022-02-04T16:12:47+00:00","dateModified":"2023-05-17T17:12:09+00:00","mainEntityOfPage":{"@id":"https:\/\/andrea.soltis.cz\/index.php\/2022\/02\/04\/jak-jsem-rekla-dost\/"},"wordCount":575,"commentCount":0,"publisher":{"@id":"https:\/\/andrea.soltis.cz\/#organization"},"image":{"@id":"https:\/\/andrea.soltis.cz\/index.php\/2022\/02\/04\/jak-jsem-rekla-dost\/#primaryimage"},"thumbnailUrl":"https:\/\/andrea.soltis.cz\/wp-content\/uploads\/2022\/02\/IMG_20180626_173135-scaled.jpg","articleSection":["Prediabetes"],"inLanguage":"cs","potentialAction":[{"@type":"CommentAction","name":"Comment","target":["https:\/\/andrea.soltis.cz\/index.php\/2022\/02\/04\/jak-jsem-rekla-dost\/#respond"]}]},{"@type":"WebPage","@id":"https:\/\/andrea.soltis.cz\/index.php\/2022\/02\/04\/jak-jsem-rekla-dost\/","url":"https:\/\/andrea.soltis.cz\/index.php\/2022\/02\/04\/jak-jsem-rekla-dost\/","name":"Jak jsem \u0159ekla DOST! - Bez Cukru Hrav\u011b a Zdrav\u011b","isPartOf":{"@id":"https:\/\/andrea.soltis.cz\/#website"},"primaryImageOfPage":{"@id":"https:\/\/andrea.soltis.cz\/index.php\/2022\/02\/04\/jak-jsem-rekla-dost\/#primaryimage"},"image":{"@id":"https:\/\/andrea.soltis.cz\/index.php\/2022\/02\/04\/jak-jsem-rekla-dost\/#primaryimage"},"thumbnailUrl":"https:\/\/andrea.soltis.cz\/wp-content\/uploads\/2022\/02\/IMG_20180626_173135-scaled.jpg","datePublished":"2022-02-04T16:12:47+00:00","dateModified":"2023-05-17T17:12:09+00:00","breadcrumb":{"@id":"https:\/\/andrea.soltis.cz\/index.php\/2022\/02\/04\/jak-jsem-rekla-dost\/#breadcrumb"},"inLanguage":"cs","potentialAction":[{"@type":"ReadAction","target":["https:\/\/andrea.soltis.cz\/index.php\/2022\/02\/04\/jak-jsem-rekla-dost\/"]}]},{"@type":"ImageObject","inLanguage":"cs","@id":"https:\/\/andrea.soltis.cz\/index.php\/2022\/02\/04\/jak-jsem-rekla-dost\/#primaryimage","url":"https:\/\/andrea.soltis.cz\/wp-content\/uploads\/2022\/02\/IMG_20180626_173135-scaled.jpg","contentUrl":"https:\/\/andrea.soltis.cz\/wp-content\/uploads\/2022\/02\/IMG_20180626_173135-scaled.jpg","width":2560,"height":1440},{"@type":"BreadcrumbList","@id":"https:\/\/andrea.soltis.cz\/index.php\/2022\/02\/04\/jak-jsem-rekla-dost\/#breadcrumb","itemListElement":[{"@type":"ListItem","position":1,"name":"Dom\u016f","item":"https:\/\/andrea.soltis.cz\/"},{"@type":"ListItem","position":2,"name":"Jak jsem \u0159ekla DOST!"}]},{"@type":"WebSite","@id":"https:\/\/andrea.soltis.cz\/#website","url":"https:\/\/andrea.soltis.cz\/","name":"Bez Cukru Hrav\u011b a Zdrav\u011b","description":"(NE)sladk\u00e9 t\u011bhotenstv\u00ed, aneb jak se vypo\u0159\u00e1dat s t\u011bhotenskou cukrovkou a prediabetem.","publisher":{"@id":"https:\/\/andrea.soltis.cz\/#organization"},"potentialAction":[{"@type":"SearchAction","target":{"@type":"EntryPoint","urlTemplate":"https:\/\/andrea.soltis.cz\/?s={search_term_string}"},"query-input":{"@type":"PropertyValueSpecification","valueRequired":true,"valueName":"search_term_string"}}],"inLanguage":"cs"},{"@type":"Organization","@id":"https:\/\/andrea.soltis.cz\/#organization","name":"Bez Cukru Hrav\u011b a Zdrav\u011b","url":"https:\/\/andrea.soltis.cz\/","logo":{"@type":"ImageObject","inLanguage":"cs","@id":"https:\/\/andrea.soltis.cz\/#\/schema\/logo\/image\/","url":"https:\/\/andrea.soltis.cz\/wp-content\/uploads\/2021\/12\/NEsladke-tehotenstvi-NEsladky-zivot-1.png","contentUrl":"https:\/\/andrea.soltis.cz\/wp-content\/uploads\/2021\/12\/NEsladke-tehotenstvi-NEsladky-zivot-1.png","width":500,"height":500,"caption":"Bez Cukru Hrav\u011b a Zdrav\u011b"},"image":{"@id":"https:\/\/andrea.soltis.cz\/#\/schema\/logo\/image\/"}},{"@type":"Person","@id":"https:\/\/andrea.soltis.cz\/#\/schema\/person\/a54682aae548588802cb28692c5ea061","name":"Andrea \u0160oltisov\u00e1","image":{"@type":"ImageObject","inLanguage":"cs","@id":"https:\/\/secure.gravatar.com\/avatar\/e26474e383891429595d6d329680667d545e61e884fbde7c12bebad9a60977cd?s=96&d=mm&r=g","url":"https:\/\/secure.gravatar.com\/avatar\/e26474e383891429595d6d329680667d545e61e884fbde7c12bebad9a60977cd?s=96&d=mm&r=g","contentUrl":"https:\/\/secure.gravatar.com\/avatar\/e26474e383891429595d6d329680667d545e61e884fbde7c12bebad9a60977cd?s=96&d=mm&r=g","caption":"Andrea \u0160oltisov\u00e1"},"description":"Jsem pr\u016fvodkyn\u00ed n\u00edzkosacharidovou stravou. V\u00edce o mn\u011b si m\u016f\u017eete p\u0159e\u010d\u00edst v m\u00e9m p\u0159\u00edb\u011bhu. Jsem autorkou online kurzu HRAV\u011a N\u00cdZKOSACHARIDOV\u011a a e-book\u016f M\u00e1 3 (NE)sladk\u00e1 t\u011bhotenstv\u00ed, 3+1 OSV\u011aD\u010cEN\u00ddCH TIP\u016e, JAK UDR\u017dET GLYK\u00c9MII NA UZD\u011a, Velikonoce s GDM, M\u016f\u017eu v\u016fbec jet na dovolenou???, U\u017eijte si V\u00e1noce i s t\u011bhotenskou cukrovkou,\u00a0 Afirmace pro lep\u0161\u00ed zvl\u00e1dnut\u00ed t\u011bhotensk\u00e9 cukrovky, zapisovac\u00edho den\u00edku M\u00e9 (NE)sladk\u00e9 t\u011bhotenstv\u00ed, e-kucha\u0159ky Ka\u017edodenn\u00ed recepty nejen p\u0159i t\u011bhotensk\u00e9 cukrovce\u00a0a e-booku 3 kl\u00ed\u010de ke zvl\u00e1dnut\u00ed t\u011bhotensk\u00e9 cukrovky.","sameAs":["http:\/\/andrea.soltis.cz"],"url":"https:\/\/andrea.soltis.cz\/index.php\/author\/ajusa-zakovagmail-com\/"}]}},"uagb_featured_image_src":{"full":["https:\/\/andrea.soltis.cz\/wp-content\/uploads\/2022\/02\/IMG_20180626_173135-scaled.jpg",2560,1440,false],"thumbnail":["https:\/\/andrea.soltis.cz\/wp-content\/uploads\/2022\/02\/IMG_20180626_173135-150x150.jpg",150,150,true],"medium":["https:\/\/andrea.soltis.cz\/wp-content\/uploads\/2022\/02\/IMG_20180626_173135-300x169.jpg",300,169,true],"medium_large":["https:\/\/andrea.soltis.cz\/wp-content\/uploads\/2022\/02\/IMG_20180626_173135-768x432.jpg",768,432,true],"large":["https:\/\/andrea.soltis.cz\/wp-content\/uploads\/2022\/02\/IMG_20180626_173135-1024x576.jpg",1024,576,true],"1536x1536":["https:\/\/andrea.soltis.cz\/wp-content\/uploads\/2022\/02\/IMG_20180626_173135-1536x864.jpg",1536,864,true],"2048x2048":["https:\/\/andrea.soltis.cz\/wp-content\/uploads\/2022\/02\/IMG_20180626_173135-2048x1152.jpg",2048,1152,true]},"uagb_author_info":{"display_name":"Andrea \u0160oltisov\u00e1","author_link":"https:\/\/andrea.soltis.cz\/index.php\/author\/ajusa-zakovagmail-com\/"},"uagb_comment_info":1,"uagb_excerpt":"Nikdy jsem nebyla hube\u0148our. Do cca 23 let \u0159\u00edk\u00e1vali holka &#8222;krev a ml\u00edko&#8220;. Ov\u0161em po n\u00e1stupu do pr\u00e1ce se postupn\u011b krev a ml\u00edko za\u010daly m\u011bnit na s\u00e1dlo&#8230; V\u016fbec se mi to nel\u00edbilo, byla jsem sama ze sebe ne\u0161\u0165astn\u00e1 a zkou\u0161ela neust\u00e1le n\u011bjak\u00e9 diety a podivn\u00e1 cvi\u010den\u00ed, kter\u00e1 slibovala rychl\u00fd \u00fabytek bez n\u00e1mahy. Motala jsem se&hellip;","_links":{"self":[{"href":"https:\/\/andrea.soltis.cz\/index.php\/wp-json\/wp\/v2\/posts\/2290","targetHints":{"allow":["GET"]}}],"collection":[{"href":"https:\/\/andrea.soltis.cz\/index.php\/wp-json\/wp\/v2\/posts"}],"about":[{"href":"https:\/\/andrea.soltis.cz\/index.php\/wp-json\/wp\/v2\/types\/post"}],"author":[{"embeddable":true,"href":"https:\/\/andrea.soltis.cz\/index.php\/wp-json\/wp\/v2\/users\/6"}],"replies":[{"embeddable":true,"href":"https:\/\/andrea.soltis.cz\/index.php\/wp-json\/wp\/v2\/comments?post=2290"}],"version-history":[{"count":0,"href":"https:\/\/andrea.soltis.cz\/index.php\/wp-json\/wp\/v2\/posts\/2290\/revisions"}],"wp:featuredmedia":[{"embeddable":true,"href":"https:\/\/andrea.soltis.cz\/index.php\/wp-json\/wp\/v2\/media\/2291"}],"wp:attachment":[{"href":"https:\/\/andrea.soltis.cz\/index.php\/wp-json\/wp\/v2\/media?parent=2290"}],"wp:term":[{"taxonomy":"category","embeddable":true,"href":"https:\/\/andrea.soltis.cz\/index.php\/wp-json\/wp\/v2\/categories?post=2290"},{"taxonomy":"post_tag","embeddable":true,"href":"https:\/\/andrea.soltis.cz\/index.php\/wp-json\/wp\/v2\/tags?post=2290"}],"curies":[{"name":"wp","href":"https:\/\/api.w.org\/{rel}","templated":true}]}}