{"id":2375,"date":"2022-02-09T15:07:01","date_gmt":"2022-02-09T14:07:01","guid":{"rendered":"https:\/\/andrea.soltis.cz\/?p=2375"},"modified":"2023-06-01T17:32:12","modified_gmt":"2023-06-01T15:32:12","slug":"muzu-vubec-jet-na-dovolenou","status":"publish","type":"post","link":"https:\/\/andrea.soltis.cz\/index.php\/2022\/02\/09\/muzu-vubec-jet-na-dovolenou\/","title":{"rendered":"M\u016f\u017eu v\u016fbec jet s t\u011bhotenskou cukrovkou na DOVOLENOU?!"},"content":{"rendered":"\t\t<div data-elementor-type=\"wp-post\" data-elementor-id=\"2375\" class=\"elementor elementor-2375\">\n\t\t\t\t\t\t<section class=\"elementor-section elementor-top-section elementor-element elementor-element-ea64ed5 elementor-section-boxed elementor-section-height-default elementor-section-height-default\" data-id=\"ea64ed5\" data-element_type=\"section\" data-e-type=\"section\">\n\t\t\t\t\t\t<div class=\"elementor-container elementor-column-gap-default\">\n\t\t\t\t\t<div class=\"elementor-column elementor-col-100 elementor-top-column elementor-element elementor-element-96d71db\" data-id=\"96d71db\" data-element_type=\"column\" data-e-type=\"column\">\n\t\t\t<div class=\"elementor-widget-wrap elementor-element-populated\">\n\t\t\t\t\t\t<div class=\"elementor-element elementor-element-ff3ccb5 elementor-widget elementor-widget-text-editor\" data-id=\"ff3ccb5\" data-element_type=\"widget\" data-e-type=\"widget\" data-widget_type=\"text-editor.default\">\n\t\t\t\t<div class=\"elementor-widget-container\">\n\t\t\t\t\t\t\t\t\t<blockquote><p><span style=\"font-family: Calibri Light, sans-serif;\"><span style=\"font-size: large;\">P\u0159ece nebudu cel\u00e9 cukrov\u00e9 t\u011bhotenstv\u00ed sed\u011bt doma na zadku\u2026 To mus\u00edm n\u011bjak zvl\u00e1dnout! <\/span><\/span><\/p><\/blockquote><p><span style=\"font-family: Calibri Light, sans-serif;\"><span style=\"font-size: large;\">Hlavou se mi honila spousta podobn\u00fdch my\u0161lenek a po\u0159\u00e1d jsem p\u0159em\u00fd\u0161lela, jak to na t\u00e9 dovolen\u00e9 budu s j\u00eddlem d\u011blat a jestli budu v\u016fbec schopn\u00e1 myslet na n\u011bco jin\u00e9ho ne\u017e na j\u00eddlo.<\/span><\/span><\/p><p><span style=\"font-family: Calibri Light, sans-serif;\"><span style=\"font-size: large;\">M\u011bli jsme s mu\u017eem objednan\u00fd hotel na \u0160umav\u011b, \u017ee si tu posledn\u00ed dovolenou, kdy jsme bez d\u011bt\u00ed, p\u011bkn\u011b u\u017eijeme. <\/span><\/span><\/p><p><span style=\"font-family: Calibri Light, sans-serif;\"><span style=\"font-size: large;\">U\u017e samotn\u00e1 cesta ze severu Moravy na \u0160umavu byla n\u00e1ro\u010dn\u00e1 \u2013 z\u00e1da bolav\u00e1, zadek p\u0159esezen\u00fd, nohy jako konve natekl\u00e9. Jeliko\u017e je to cesta dlouh\u00e1, musela jsem nabalit spoustu j\u00eddla a pit\u00ed a spol\u00e9hat, \u017ee natref\u00edme na solidn\u00ed restauraci, kde si vyberu vhodn\u00fd ob\u011bd. V\u0161echno kupodivu klaplo na jedni\u010dku.<\/span><\/span><\/p><p><span style=\"font-family: Calibri Light, sans-serif;\"><span style=\"font-size: large;\">Na hotelu byly sn\u00eddan\u011b i ve\u010de\u0159e formou <strong>bufetu<\/strong>, co\u017e byl pro m\u011b luxus. Mohla jsem si dop\u0159\u00e1t spoustu zeleniny, s\u00fdr\u016f, vajec, masa a dokonce byl i slu\u0161n\u00fd v\u00fdb\u011br pe\u010diva a p\u0159\u00edloh. Na pokoji byla velk\u00e1 lednice, tak\u017ee jsem mohla m\u00edt sva\u010dinky, druhou ve\u010de\u0159i a inzul\u00edn p\u011bkn\u011b v chl\u00e1dku. Jedin\u00e9 n\u00e1ro\u010dn\u00e9 bylo pl\u00e1nov\u00e1n\u00ed v\u00fdlet\u016f tak, aby v ur\u010ditou hodinu byla pobl\u00ed\u017e\u00a0 restaurace a abych m\u011bla dostate\u010dnou sva\u010dinku v bat\u016f\u017eku. Glukometr, inzul\u00edn, pr\u016fkaz diabetika a t\u011bhotensk\u00fd pr\u016fkaz jsem samoz\u0159ejm\u011b nosila s sebou tak\u00e9.<\/span><\/span><\/p><p><span style=\"font-family: Calibri Light, sans-serif;\"><span style=\"font-size: large;\">Nakonec se n\u00e1m dovolen\u00e1 poda\u0159ila. Tedy a\u017e na ot\u0159esn\u00e9 po\u010das\u00ed, a t\u00edm p\u00e1dem ubrblan\u00e9ho chlapa. \ud83d\ude42<\/span><\/span><\/p>\t\t\t\t\t\t\t\t<\/div>\n\t\t\t\t<\/div>\n\t\t\t\t<div class=\"elementor-element elementor-element-b5528b9 elementor-widget elementor-widget-heading\" data-id=\"b5528b9\" data-element_type=\"widget\" data-e-type=\"widget\" data-widget_type=\"heading.default\">\n\t\t\t\t<div class=\"elementor-widget-container\">\n\t\t\t\t\t<h4 class=\"elementor-heading-title elementor-size-default\">\nJak\u00e9 jsou m\u00e9 poznatky pro pl\u00e1nov\u00e1n\u00ed dovolen\u00e9?\n<\/h4>\t\t\t\t<\/div>\n\t\t\t\t<\/div>\n\t\t\t\t<div class=\"elementor-element elementor-element-c055882 elementor-widget elementor-widget-text-editor\" data-id=\"c055882\" data-element_type=\"widget\" data-e-type=\"widget\" data-widget_type=\"text-editor.default\">\n\t\t\t\t<div class=\"elementor-widget-container\">\n\t\t\t\t\t\t\t\t\t<ul><li><strong><em><span style=\"font-family: Calibri Light, sans-serif;\"><span style=\"font-family: Calibri Light, sans-serif;\"><span style=\"font-size: large;\">Pokud jedu do chaty, apartm\u00e1nu nebo kempu, mus\u00edm zjistit, jak je to s lednic\u00ed p\u0159edev\u0161\u00edm v tepl\u00fdch m\u011bs\u00edc\u00edch \u2013 v zim\u011b se d\u00e1 v\u011bt\u0161ina j\u00eddla str\u010dit za okno nebo na balk\u00f3n. Tak\u00e9 kv\u016fli inzul\u00ednu, n\u011bkter\u00e9 druhy mus\u00ed b\u00fdt v chladu.<\/span><\/span><\/span><\/em><\/strong><\/li><\/ul><ul><li><strong><em><span style=\"font-family: Calibri Light, sans-serif;\"><span style=\"font-size: large;\">D\u00e1le je dobr\u00e9 pozji\u0161\u0165ovat dostupnost obchod\u016f s potravinami a restaurac\u00ed v okol\u00ed, pop\u0159\u00edpad\u011b v okol\u00ed t\u00far a v\u00fdlet\u016f, pokud pl\u00e1nuji aktivn\u00ed dovolenou.<\/span><\/span><\/em><\/strong><\/li><\/ul><ul><li><strong><em><span style=\"font-family: Calibri Light, sans-serif;\"><span style=\"font-size: large;\">Kdy\u017e jedu do hotelu, a\u0165 u\u017e u n\u00e1s nebo do zahrani\u010d\u00ed, op\u011bt zji\u0161\u0165uji lednici na pokoji, dostupnost restaurac\u00ed a obchod\u016f s potravinami v okol\u00ed a p\u0159edev\u0161\u00edm typ stravy v hotelov\u00e9 j\u00eddeln\u011b. Ide\u00e1ln\u00ed je stravov\u00e1n\u00ed formou bufetu. P\u0159i serv\u00edrovan\u00fdch ob\u011bdech a ve\u010de\u0159\u00edch hroz\u00ed, \u017ee budou serv\u00edrovat om\u00e1\u010dky pln\u00e9 mouky a knedl\u00edky.<\/span><\/span><\/em><\/strong><\/li><\/ul><ul><li><strong><em><span style=\"font-family: Calibri Light, sans-serif;\"><span style=\"font-size: large;\">Stravov\u00e1n\u00ed v restauraci by nem\u011bl b\u00fdt probl\u00e9m, v\u011bt\u0161ina nab\u00edz\u00ed pl\u00e1tek masa nebo rybu, grilovanou zeleninu i va\u0159en\u00e9 brambory.<\/span><\/span><\/em><\/strong><\/li><\/ul><ul><li><strong><em><span style=\"font-family: Calibri Light, sans-serif;\"><span style=\"font-size: large;\">Na dovolenou si v\u011bt\u0161inou nenos\u00edm v\u00e1hu, proto se \u0159\u00edd\u00edm \u201etal\u00ed\u0159ovou metodou\u201c: <\/span><\/span><span style=\"font-family: Calibri Light, sans-serif;\"><span style=\"font-size: large;\">p\u016fl tal\u00ed\u0159e zeleniny, \u010dtvrt tal\u00ed\u0159e p\u0159\u00edlohy, \u010dtvrt tal\u00ed\u0159e b\u00edlkovin a tuku (vejce, maso, ryba). J\u00e1 osobn\u011b preferuji zeleninu alespo\u0148 lehce pro\u0161lou tepelnou \u00fapravou (po p\u016fl tal\u00ed\u0159i \u010derstv\u00e9 zeleniny ke ka\u017ed\u00e9mu j\u00eddlu bych ve\u010der asi odlet\u011bla) a b\u00edlkovin s tukem m\u016f\u017ee b\u00fdt klidn\u011b v\u00edce, hlavn\u011b netrp\u011bt hlady.<\/span><\/span><\/em><\/strong><\/li><\/ul>\t\t\t\t\t\t\t\t<\/div>\n\t\t\t\t<\/div>\n\t\t\t\t<div class=\"elementor-element elementor-element-ea956d2 elementor-widget elementor-widget-image\" data-id=\"ea956d2\" data-element_type=\"widget\" data-e-type=\"widget\" data-widget_type=\"image.default\">\n\t\t\t\t<div class=\"elementor-widget-container\">\n\t\t\t\t\t\t\t\t\t\t\t\t\t\t\t<img fetchpriority=\"high\" decoding=\"async\" width=\"768\" height=\"432\" src=\"https:\/\/andrea.soltis.cz\/wp-content\/uploads\/2022\/02\/P5010202-768x432.jpg\" class=\"attachment-medium_large size-medium_large wp-image-2378\" alt=\"\" srcset=\"https:\/\/andrea.soltis.cz\/wp-content\/uploads\/2022\/02\/P5010202-768x432.jpg 768w, https:\/\/andrea.soltis.cz\/wp-content\/uploads\/2022\/02\/P5010202-300x169.jpg 300w, https:\/\/andrea.soltis.cz\/wp-content\/uploads\/2022\/02\/P5010202-1024x576.jpg 1024w, https:\/\/andrea.soltis.cz\/wp-content\/uploads\/2022\/02\/P5010202-1536x864.jpg 1536w, https:\/\/andrea.soltis.cz\/wp-content\/uploads\/2022\/02\/P5010202-2048x1152.jpg 2048w\" sizes=\"(max-width: 768px) 100vw, 768px\" \/>\t\t\t\t\t\t\t\t\t\t\t\t\t\t\t<\/div>\n\t\t\t\t<\/div>\n\t\t\t\t<div class=\"elementor-element elementor-element-face53d elementor-widget elementor-widget-spacer\" data-id=\"face53d\" data-element_type=\"widget\" data-e-type=\"widget\" data-widget_type=\"spacer.default\">\n\t\t\t\t<div class=\"elementor-widget-container\">\n\t\t\t\t\t\t\t<div class=\"elementor-spacer\">\n\t\t\t<div class=\"elementor-spacer-inner\"><\/div>\n\t\t<\/div>\n\t\t\t\t\t\t<\/div>\n\t\t\t\t<\/div>\n\t\t\t\t<div class=\"elementor-element elementor-element-e7827cb elementor-widget elementor-widget-text-editor\" data-id=\"e7827cb\" data-element_type=\"widget\" data-e-type=\"widget\" data-widget_type=\"text-editor.default\">\n\t\t\t\t<div class=\"elementor-widget-container\">\n\t\t\t\t\t\t\t\t\t<p><span style=\"font-family: Calibri Light, sans-serif;\"><span style=\"font-size: large;\">Jedin\u00e9, co je pot\u0159eba vy\u0159e\u0161it, jsou <strong>sva\u010dinky a druh\u00e9 ve\u010de\u0159e<\/strong>. \u017ditn\u00fd chl\u00e9b zpravidla dlouho vydr\u017e\u00ed a pokud u\u017e jej n\u011bjakou dobu j\u00edm, v\u00edm, kolik si m\u016f\u017eu vz\u00edt ke sva\u010dince a druh\u00e9 ve\u010de\u0159i. K chlebu sta\u010d\u00ed sbalit tu\u010dn\u00fd s\u00fdr, o\u0159\u00ed\u0161ky, sem\u00ednka a n\u011bjakou zeleninu.<\/span><\/span><\/p><p><span style=\"font-family: Calibri Light, sans-serif;\"><span style=\"font-size: large;\">Mysl\u00edm si, \u017ee tu monot\u00f3nnost sva\u010dinek vydr\u017e\u00ed o dovolen\u00e9 ka\u017ed\u00fd, proto\u017ee za mn\u011b je lep\u0161\u00ed u\u017e\u00edt si z\u00e1\u017eitky, ne\u017e-li \u0159e\u0161it neust\u00e1le j\u00eddlo. \ud83d\ude42\u00a0<\/span><\/span><\/p><p><span style=\"font-family: Calibri Light, sans-serif;\"><span style=\"font-size: large;\">Tak\u00e9 je lep\u0161\u00ed <b>\u010dast\u011bji kontrolovat krevn\u00ed cukr<\/b> (zm\u011bna stravy, zm\u011bna re\u017eimu). Nezapomenout sbalit dostate\u010dn\u00fd po\u010det prou\u017ek\u016f do glukometru, pr\u016fkazky a dostatek inzul\u00ednu. <\/span><\/span><\/p><p><span style=\"font-family: Calibri Light, sans-serif;\"><span style=\"font-size: large;\">D\u016fle\u017eit\u00e9 je prost\u011b po\u0159\u00e1dn\u011b si dovolenou u\u017e p\u0159edem <strong>napl\u00e1novat<\/strong>, zjistit dostupnost a styl stravov\u00e1n\u00ed.<\/span><\/span><\/p><p><span style=\"font-family: Calibri Light, sans-serif; font-size: large;\"><i><b>Na co v\u0161echno mus\u00edte p\u0159i pl\u00e1nov\u00e1n\u00ed dovolen\u00e9 myslet? Na co nesm\u00edte zapomenout? Jak\u00fd zvolit dopravn\u00ed prost\u0159edek? Odpov\u011bdi na v\u0161echny ot\u00e1zky ohledn\u011b cestov\u00e1n\u00ed z\u00edsk\u00e1te ve zbrusu nov\u00e9m mini e-booku<\/b><\/i> <span style=\"text-decoration: underline;\"><strong><span style=\"color: #ff9900; text-decoration: underline;\"><span style=\"text-decoration-thickness: initial; text-decoration-style: initial; text-decoration-color: initial;\"><a href=\"https:\/\/andrea.soltis.cz\/index.php\/dovolena-2\/\">&#8222;M\u016f\u017eu v\u016fbec jet na dovolenou??? Aneb jak je to s dovolenkov\u00e1n\u00edm nejen p\u0159i t\u011bhotensk\u00e9 cukrovce.&#8220;<\/a><\/span><\/span><\/strong><\/span><\/span><\/p><p>\u00a0<\/p>\t\t\t\t\t\t\t\t<\/div>\n\t\t\t\t<\/div>\n\t\t\t\t<div class=\"elementor-element elementor-element-2542cff elementor-widget elementor-widget-heading\" data-id=\"2542cff\" data-element_type=\"widget\" data-e-type=\"widget\" data-widget_type=\"heading.default\">\n\t\t\t\t<div class=\"elementor-widget-container\">\n\t\t\t\t\t<h4 class=\"elementor-heading-title elementor-size-default\">A pak u\u017e zb\u00fdv\u00e1 jen vyrazit a po\u0159\u00e1dn\u011b si u\u017e\u00edt DOVOLENOU!<\/h4>\t\t\t\t<\/div>\n\t\t\t\t<\/div>\n\t\t\t\t\t<\/div>\n\t\t<\/div>\n\t\t\t\t\t<\/div>\n\t\t<\/section>\n\t\t\t\t<\/div>\n\t\t","protected":false},"excerpt":{"rendered":"<p>P\u0159ece nebudu cel\u00e9 cukrov\u00e9 t\u011bhotenstv\u00ed sed\u011bt doma na zadku\u2026 To mus\u00edm n\u011bjak zvl\u00e1dnout! Hlavou se mi honila spousta podobn\u00fdch my\u0161lenek a po\u0159\u00e1d jsem p\u0159em\u00fd\u0161lela, jak to na t\u00e9 dovolen\u00e9 budu s j\u00eddlem d\u011blat a jestli budu v\u016fbec schopn\u00e1 myslet na n\u011bco jin\u00e9ho ne\u017e na j\u00eddlo. M\u011bli jsme s mu\u017eem objednan\u00fd hotel na \u0160umav\u011b, \u017ee si [&hellip;]<\/p>\n","protected":false},"author":6,"featured_media":2376,"comment_status":"open","ping_status":"open","sticky":false,"template":"elementor_theme","format":"standard","meta":{"_uag_custom_page_level_css":"","site-sidebar-layout":"default","site-content-layout":"","ast-site-content-layout":"default","site-content-style":"default","site-sidebar-style":"default","ast-global-header-display":"","ast-banner-title-visibility":"","ast-main-header-display":"","ast-hfb-above-header-display":"","ast-hfb-below-header-display":"","ast-hfb-mobile-header-display":"","site-post-title":"","ast-breadcrumbs-content":"","ast-featured-img":"","footer-sml-layout":"","ast-disable-related-posts":"","theme-transparent-header-meta":"","adv-header-id-meta":"","stick-header-meta":"","header-above-stick-meta":"","header-main-stick-meta":"","header-below-stick-meta":"","astra-migrate-meta-layouts":"default","ast-page-background-enabled":"default","ast-page-background-meta":{"desktop":{"background-color":"","background-image":"","background-repeat":"repeat","background-position":"center center","background-size":"auto","background-attachment":"scroll","background-type":"","background-media":"","overlay-type":"","overlay-color":"","overlay-opacity":"","overlay-gradient":""},"tablet":{"background-color":"","background-image":"","background-repeat":"repeat","background-position":"center center","background-size":"auto","background-attachment":"scroll","background-type":"","background-media":"","overlay-type":"","overlay-color":"","overlay-opacity":"","overlay-gradient":""},"mobile":{"background-color":"","background-image":"","background-repeat":"repeat","background-position":"center center","background-size":"auto","background-attachment":"scroll","background-type":"","background-media":"","overlay-type":"","overlay-color":"","overlay-opacity":"","overlay-gradient":""}},"ast-content-background-meta":{"desktop":{"background-color":"var(--ast-global-color-5)","background-image":"","background-repeat":"repeat","background-position":"center center","background-size":"auto","background-attachment":"scroll","background-type":"","background-media":"","overlay-type":"","overlay-color":"","overlay-opacity":"","overlay-gradient":""},"tablet":{"background-color":"var(--ast-global-color-5)","background-image":"","background-repeat":"repeat","background-position":"center center","background-size":"auto","background-attachment":"scroll","background-type":"","background-media":"","overlay-type":"","overlay-color":"","overlay-opacity":"","overlay-gradient":""},"mobile":{"background-color":"var(--ast-global-color-5)","background-image":"","background-repeat":"repeat","background-position":"center center","background-size":"auto","background-attachment":"scroll","background-type":"","background-media":"","overlay-type":"","overlay-color":"","overlay-opacity":"","overlay-gradient":""}},"footnotes":""},"categories":[7],"tags":[],"class_list":["post-2375","post","type-post","status-publish","format-standard","has-post-thumbnail","hentry","category-gdm"],"yoast_head":"<!-- This site is optimized with the Yoast SEO plugin v27.4 - https:\/\/yoast.com\/product\/yoast-seo-wordpress\/ -->\n<title>M\u016f\u017eu v\u016fbec jet s t\u011bhotenskou cukrovkou na DOVOLENOU?! - Bez Cukru Hrav\u011b a Zdrav\u011b<\/title>\n<meta name=\"robots\" content=\"index, follow, max-snippet:-1, max-image-preview:large, max-video-preview:-1\" \/>\n<link rel=\"canonical\" href=\"https:\/\/andrea.soltis.cz\/index.php\/2022\/02\/09\/muzu-vubec-jet-na-dovolenou\/\" \/>\n<meta property=\"og:locale\" content=\"cs_CZ\" \/>\n<meta property=\"og:type\" content=\"article\" \/>\n<meta property=\"og:title\" content=\"\u010cL\u00c1NEK: M\u016f\u017eu v\u016fbec jet na DOVOLENOU?\" \/>\n<meta property=\"og:description\" content=\"Jak se poprat s t\u011bhotenskou cukrovkou na dovolen\u00e9.\" \/>\n<meta property=\"og:url\" content=\"https:\/\/andrea.soltis.cz\/index.php\/2022\/02\/09\/muzu-vubec-jet-na-dovolenou\/\" \/>\n<meta property=\"og:site_name\" content=\"Bez Cukru Hrav\u011b a Zdrav\u011b\" \/>\n<meta property=\"article:published_time\" content=\"2022-02-09T14:07:01+00:00\" \/>\n<meta property=\"article:modified_time\" content=\"2023-06-01T15:32:12+00:00\" \/>\n<meta property=\"og:image\" content=\"https:\/\/andrea.soltis.cz\/wp-content\/uploads\/2022\/02\/Navrh-bez-nazvu-2.png\" \/>\n\t<meta property=\"og:image:width\" content=\"1200\" \/>\n\t<meta property=\"og:image:height\" content=\"628\" \/>\n\t<meta property=\"og:image:type\" content=\"image\/png\" \/>\n<meta name=\"author\" content=\"Andrea \u0160oltisov\u00e1\" \/>\n<meta name=\"twitter:card\" content=\"summary_large_image\" \/>\n<meta name=\"twitter:label1\" content=\"Napsal(a)\" \/>\n\t<meta name=\"twitter:data1\" content=\"Andrea \u0160oltisov\u00e1\" \/>\n\t<meta name=\"twitter:label2\" content=\"Odhadovan\u00e1 doba \u010dten\u00ed\" \/>\n\t<meta name=\"twitter:data2\" content=\"4 minuty\" \/>\n<script type=\"application\/ld+json\" class=\"yoast-schema-graph\">{\"@context\":\"https:\\\/\\\/schema.org\",\"@graph\":[{\"@type\":\"Article\",\"@id\":\"https:\\\/\\\/andrea.soltis.cz\\\/index.php\\\/2022\\\/02\\\/09\\\/muzu-vubec-jet-na-dovolenou\\\/#article\",\"isPartOf\":{\"@id\":\"https:\\\/\\\/andrea.soltis.cz\\\/index.php\\\/2022\\\/02\\\/09\\\/muzu-vubec-jet-na-dovolenou\\\/\"},\"author\":{\"name\":\"Andrea \u0160oltisov\u00e1\",\"@id\":\"https:\\\/\\\/andrea.soltis.cz\\\/#\\\/schema\\\/person\\\/a54682aae548588802cb28692c5ea061\"},\"headline\":\"M\u016f\u017eu v\u016fbec jet s t\u011bhotenskou cukrovkou na DOVOLENOU?!\",\"datePublished\":\"2022-02-09T14:07:01+00:00\",\"dateModified\":\"2023-06-01T15:32:12+00:00\",\"mainEntityOfPage\":{\"@id\":\"https:\\\/\\\/andrea.soltis.cz\\\/index.php\\\/2022\\\/02\\\/09\\\/muzu-vubec-jet-na-dovolenou\\\/\"},\"wordCount\":785,\"commentCount\":0,\"publisher\":{\"@id\":\"https:\\\/\\\/andrea.soltis.cz\\\/#organization\"},\"image\":{\"@id\":\"https:\\\/\\\/andrea.soltis.cz\\\/index.php\\\/2022\\\/02\\\/09\\\/muzu-vubec-jet-na-dovolenou\\\/#primaryimage\"},\"thumbnailUrl\":\"https:\\\/\\\/andrea.soltis.cz\\\/wp-content\\\/uploads\\\/2022\\\/02\\\/P5020234-scaled.jpg\",\"articleSection\":[\"GDM\"],\"inLanguage\":\"cs\",\"potentialAction\":[{\"@type\":\"CommentAction\",\"name\":\"Comment\",\"target\":[\"https:\\\/\\\/andrea.soltis.cz\\\/index.php\\\/2022\\\/02\\\/09\\\/muzu-vubec-jet-na-dovolenou\\\/#respond\"]}]},{\"@type\":\"WebPage\",\"@id\":\"https:\\\/\\\/andrea.soltis.cz\\\/index.php\\\/2022\\\/02\\\/09\\\/muzu-vubec-jet-na-dovolenou\\\/\",\"url\":\"https:\\\/\\\/andrea.soltis.cz\\\/index.php\\\/2022\\\/02\\\/09\\\/muzu-vubec-jet-na-dovolenou\\\/\",\"name\":\"M\u016f\u017eu v\u016fbec jet s t\u011bhotenskou cukrovkou na DOVOLENOU?! - Bez Cukru Hrav\u011b a Zdrav\u011b\",\"isPartOf\":{\"@id\":\"https:\\\/\\\/andrea.soltis.cz\\\/#website\"},\"primaryImageOfPage\":{\"@id\":\"https:\\\/\\\/andrea.soltis.cz\\\/index.php\\\/2022\\\/02\\\/09\\\/muzu-vubec-jet-na-dovolenou\\\/#primaryimage\"},\"image\":{\"@id\":\"https:\\\/\\\/andrea.soltis.cz\\\/index.php\\\/2022\\\/02\\\/09\\\/muzu-vubec-jet-na-dovolenou\\\/#primaryimage\"},\"thumbnailUrl\":\"https:\\\/\\\/andrea.soltis.cz\\\/wp-content\\\/uploads\\\/2022\\\/02\\\/P5020234-scaled.jpg\",\"datePublished\":\"2022-02-09T14:07:01+00:00\",\"dateModified\":\"2023-06-01T15:32:12+00:00\",\"breadcrumb\":{\"@id\":\"https:\\\/\\\/andrea.soltis.cz\\\/index.php\\\/2022\\\/02\\\/09\\\/muzu-vubec-jet-na-dovolenou\\\/#breadcrumb\"},\"inLanguage\":\"cs\",\"potentialAction\":[{\"@type\":\"ReadAction\",\"target\":[\"https:\\\/\\\/andrea.soltis.cz\\\/index.php\\\/2022\\\/02\\\/09\\\/muzu-vubec-jet-na-dovolenou\\\/\"]}]},{\"@type\":\"ImageObject\",\"inLanguage\":\"cs\",\"@id\":\"https:\\\/\\\/andrea.soltis.cz\\\/index.php\\\/2022\\\/02\\\/09\\\/muzu-vubec-jet-na-dovolenou\\\/#primaryimage\",\"url\":\"https:\\\/\\\/andrea.soltis.cz\\\/wp-content\\\/uploads\\\/2022\\\/02\\\/P5020234-scaled.jpg\",\"contentUrl\":\"https:\\\/\\\/andrea.soltis.cz\\\/wp-content\\\/uploads\\\/2022\\\/02\\\/P5020234-scaled.jpg\",\"width\":2560,\"height\":1440,\"caption\":\"OLYMPUS DIGITAL CAMERA\"},{\"@type\":\"BreadcrumbList\",\"@id\":\"https:\\\/\\\/andrea.soltis.cz\\\/index.php\\\/2022\\\/02\\\/09\\\/muzu-vubec-jet-na-dovolenou\\\/#breadcrumb\",\"itemListElement\":[{\"@type\":\"ListItem\",\"position\":1,\"name\":\"Dom\u016f\",\"item\":\"https:\\\/\\\/andrea.soltis.cz\\\/\"},{\"@type\":\"ListItem\",\"position\":2,\"name\":\"M\u016f\u017eu v\u016fbec jet s t\u011bhotenskou cukrovkou na DOVOLENOU?!\"}]},{\"@type\":\"WebSite\",\"@id\":\"https:\\\/\\\/andrea.soltis.cz\\\/#website\",\"url\":\"https:\\\/\\\/andrea.soltis.cz\\\/\",\"name\":\"Bez Cukru Hrav\u011b a Zdrav\u011b\",\"description\":\"(NE)sladk\u00e9 t\u011bhotenstv\u00ed, aneb jak se vypo\u0159\u00e1dat s t\u011bhotenskou cukrovkou a prediabetem.\",\"publisher\":{\"@id\":\"https:\\\/\\\/andrea.soltis.cz\\\/#organization\"},\"potentialAction\":[{\"@type\":\"SearchAction\",\"target\":{\"@type\":\"EntryPoint\",\"urlTemplate\":\"https:\\\/\\\/andrea.soltis.cz\\\/?s={search_term_string}\"},\"query-input\":{\"@type\":\"PropertyValueSpecification\",\"valueRequired\":true,\"valueName\":\"search_term_string\"}}],\"inLanguage\":\"cs\"},{\"@type\":\"Organization\",\"@id\":\"https:\\\/\\\/andrea.soltis.cz\\\/#organization\",\"name\":\"Bez Cukru Hrav\u011b a Zdrav\u011b\",\"url\":\"https:\\\/\\\/andrea.soltis.cz\\\/\",\"logo\":{\"@type\":\"ImageObject\",\"inLanguage\":\"cs\",\"@id\":\"https:\\\/\\\/andrea.soltis.cz\\\/#\\\/schema\\\/logo\\\/image\\\/\",\"url\":\"https:\\\/\\\/andrea.soltis.cz\\\/wp-content\\\/uploads\\\/2021\\\/12\\\/NEsladke-tehotenstvi-NEsladky-zivot-1.png\",\"contentUrl\":\"https:\\\/\\\/andrea.soltis.cz\\\/wp-content\\\/uploads\\\/2021\\\/12\\\/NEsladke-tehotenstvi-NEsladky-zivot-1.png\",\"width\":500,\"height\":500,\"caption\":\"Bez Cukru Hrav\u011b a Zdrav\u011b\"},\"image\":{\"@id\":\"https:\\\/\\\/andrea.soltis.cz\\\/#\\\/schema\\\/logo\\\/image\\\/\"}},{\"@type\":\"Person\",\"@id\":\"https:\\\/\\\/andrea.soltis.cz\\\/#\\\/schema\\\/person\\\/a54682aae548588802cb28692c5ea061\",\"name\":\"Andrea \u0160oltisov\u00e1\",\"image\":{\"@type\":\"ImageObject\",\"inLanguage\":\"cs\",\"@id\":\"https:\\\/\\\/secure.gravatar.com\\\/avatar\\\/e26474e383891429595d6d329680667d545e61e884fbde7c12bebad9a60977cd?s=96&d=mm&r=g\",\"url\":\"https:\\\/\\\/secure.gravatar.com\\\/avatar\\\/e26474e383891429595d6d329680667d545e61e884fbde7c12bebad9a60977cd?s=96&d=mm&r=g\",\"contentUrl\":\"https:\\\/\\\/secure.gravatar.com\\\/avatar\\\/e26474e383891429595d6d329680667d545e61e884fbde7c12bebad9a60977cd?s=96&d=mm&r=g\",\"caption\":\"Andrea \u0160oltisov\u00e1\"},\"description\":\"Jsem pr\u016fvodkyn\u00ed n\u00edzkosacharidovou stravou. V\u00edce o mn\u011b si m\u016f\u017eete p\u0159e\u010d\u00edst v m\u00e9m p\u0159\u00edb\u011bhu. Jsem autorkou online kurzu HRAV\u011a N\u00cdZKOSACHARIDOV\u011a a e-book\u016f M\u00e1 3 (NE)sladk\u00e1 t\u011bhotenstv\u00ed, 3+1 OSV\u011aD\u010cEN\u00ddCH TIP\u016e, JAK UDR\u017dET GLYK\u00c9MII NA UZD\u011a, Velikonoce s GDM, M\u016f\u017eu v\u016fbec jet na dovolenou???, U\u017eijte si V\u00e1noce i s t\u011bhotenskou cukrovkou,\u00a0 Afirmace pro lep\u0161\u00ed zvl\u00e1dnut\u00ed t\u011bhotensk\u00e9 cukrovky, zapisovac\u00edho den\u00edku M\u00e9 (NE)sladk\u00e9 t\u011bhotenstv\u00ed, e-kucha\u0159ky Ka\u017edodenn\u00ed recepty nejen p\u0159i t\u011bhotensk\u00e9 cukrovce\u00a0a e-booku 3 kl\u00ed\u010de ke zvl\u00e1dnut\u00ed t\u011bhotensk\u00e9 cukrovky.\",\"sameAs\":[\"http:\\\/\\\/andrea.soltis.cz\"],\"url\":\"https:\\\/\\\/andrea.soltis.cz\\\/index.php\\\/author\\\/ajusa-zakovagmail-com\\\/\"}]}<\/script>\n<!-- \/ Yoast SEO plugin. -->","yoast_head_json":{"title":"M\u016f\u017eu v\u016fbec jet s t\u011bhotenskou cukrovkou na DOVOLENOU?! - Bez Cukru Hrav\u011b a Zdrav\u011b","robots":{"index":"index","follow":"follow","max-snippet":"max-snippet:-1","max-image-preview":"max-image-preview:large","max-video-preview":"max-video-preview:-1"},"canonical":"https:\/\/andrea.soltis.cz\/index.php\/2022\/02\/09\/muzu-vubec-jet-na-dovolenou\/","og_locale":"cs_CZ","og_type":"article","og_title":"\u010cL\u00c1NEK: M\u016f\u017eu v\u016fbec jet na DOVOLENOU?","og_description":"Jak se poprat s t\u011bhotenskou cukrovkou na dovolen\u00e9.","og_url":"https:\/\/andrea.soltis.cz\/index.php\/2022\/02\/09\/muzu-vubec-jet-na-dovolenou\/","og_site_name":"Bez Cukru Hrav\u011b a Zdrav\u011b","article_published_time":"2022-02-09T14:07:01+00:00","article_modified_time":"2023-06-01T15:32:12+00:00","og_image":[{"width":1200,"height":628,"url":"https:\/\/andrea.soltis.cz\/wp-content\/uploads\/2022\/02\/Navrh-bez-nazvu-2.png","type":"image\/png"}],"author":"Andrea \u0160oltisov\u00e1","twitter_card":"summary_large_image","twitter_misc":{"Napsal(a)":"Andrea \u0160oltisov\u00e1","Odhadovan\u00e1 doba \u010dten\u00ed":"4 minuty"},"schema":{"@context":"https:\/\/schema.org","@graph":[{"@type":"Article","@id":"https:\/\/andrea.soltis.cz\/index.php\/2022\/02\/09\/muzu-vubec-jet-na-dovolenou\/#article","isPartOf":{"@id":"https:\/\/andrea.soltis.cz\/index.php\/2022\/02\/09\/muzu-vubec-jet-na-dovolenou\/"},"author":{"name":"Andrea \u0160oltisov\u00e1","@id":"https:\/\/andrea.soltis.cz\/#\/schema\/person\/a54682aae548588802cb28692c5ea061"},"headline":"M\u016f\u017eu v\u016fbec jet s t\u011bhotenskou cukrovkou na DOVOLENOU?!","datePublished":"2022-02-09T14:07:01+00:00","dateModified":"2023-06-01T15:32:12+00:00","mainEntityOfPage":{"@id":"https:\/\/andrea.soltis.cz\/index.php\/2022\/02\/09\/muzu-vubec-jet-na-dovolenou\/"},"wordCount":785,"commentCount":0,"publisher":{"@id":"https:\/\/andrea.soltis.cz\/#organization"},"image":{"@id":"https:\/\/andrea.soltis.cz\/index.php\/2022\/02\/09\/muzu-vubec-jet-na-dovolenou\/#primaryimage"},"thumbnailUrl":"https:\/\/andrea.soltis.cz\/wp-content\/uploads\/2022\/02\/P5020234-scaled.jpg","articleSection":["GDM"],"inLanguage":"cs","potentialAction":[{"@type":"CommentAction","name":"Comment","target":["https:\/\/andrea.soltis.cz\/index.php\/2022\/02\/09\/muzu-vubec-jet-na-dovolenou\/#respond"]}]},{"@type":"WebPage","@id":"https:\/\/andrea.soltis.cz\/index.php\/2022\/02\/09\/muzu-vubec-jet-na-dovolenou\/","url":"https:\/\/andrea.soltis.cz\/index.php\/2022\/02\/09\/muzu-vubec-jet-na-dovolenou\/","name":"M\u016f\u017eu v\u016fbec jet s t\u011bhotenskou cukrovkou na DOVOLENOU?! - Bez Cukru Hrav\u011b a Zdrav\u011b","isPartOf":{"@id":"https:\/\/andrea.soltis.cz\/#website"},"primaryImageOfPage":{"@id":"https:\/\/andrea.soltis.cz\/index.php\/2022\/02\/09\/muzu-vubec-jet-na-dovolenou\/#primaryimage"},"image":{"@id":"https:\/\/andrea.soltis.cz\/index.php\/2022\/02\/09\/muzu-vubec-jet-na-dovolenou\/#primaryimage"},"thumbnailUrl":"https:\/\/andrea.soltis.cz\/wp-content\/uploads\/2022\/02\/P5020234-scaled.jpg","datePublished":"2022-02-09T14:07:01+00:00","dateModified":"2023-06-01T15:32:12+00:00","breadcrumb":{"@id":"https:\/\/andrea.soltis.cz\/index.php\/2022\/02\/09\/muzu-vubec-jet-na-dovolenou\/#breadcrumb"},"inLanguage":"cs","potentialAction":[{"@type":"ReadAction","target":["https:\/\/andrea.soltis.cz\/index.php\/2022\/02\/09\/muzu-vubec-jet-na-dovolenou\/"]}]},{"@type":"ImageObject","inLanguage":"cs","@id":"https:\/\/andrea.soltis.cz\/index.php\/2022\/02\/09\/muzu-vubec-jet-na-dovolenou\/#primaryimage","url":"https:\/\/andrea.soltis.cz\/wp-content\/uploads\/2022\/02\/P5020234-scaled.jpg","contentUrl":"https:\/\/andrea.soltis.cz\/wp-content\/uploads\/2022\/02\/P5020234-scaled.jpg","width":2560,"height":1440,"caption":"OLYMPUS DIGITAL CAMERA"},{"@type":"BreadcrumbList","@id":"https:\/\/andrea.soltis.cz\/index.php\/2022\/02\/09\/muzu-vubec-jet-na-dovolenou\/#breadcrumb","itemListElement":[{"@type":"ListItem","position":1,"name":"Dom\u016f","item":"https:\/\/andrea.soltis.cz\/"},{"@type":"ListItem","position":2,"name":"M\u016f\u017eu v\u016fbec jet s t\u011bhotenskou cukrovkou na DOVOLENOU?!"}]},{"@type":"WebSite","@id":"https:\/\/andrea.soltis.cz\/#website","url":"https:\/\/andrea.soltis.cz\/","name":"Bez Cukru Hrav\u011b a Zdrav\u011b","description":"(NE)sladk\u00e9 t\u011bhotenstv\u00ed, aneb jak se vypo\u0159\u00e1dat s t\u011bhotenskou cukrovkou a prediabetem.","publisher":{"@id":"https:\/\/andrea.soltis.cz\/#organization"},"potentialAction":[{"@type":"SearchAction","target":{"@type":"EntryPoint","urlTemplate":"https:\/\/andrea.soltis.cz\/?s={search_term_string}"},"query-input":{"@type":"PropertyValueSpecification","valueRequired":true,"valueName":"search_term_string"}}],"inLanguage":"cs"},{"@type":"Organization","@id":"https:\/\/andrea.soltis.cz\/#organization","name":"Bez Cukru Hrav\u011b a Zdrav\u011b","url":"https:\/\/andrea.soltis.cz\/","logo":{"@type":"ImageObject","inLanguage":"cs","@id":"https:\/\/andrea.soltis.cz\/#\/schema\/logo\/image\/","url":"https:\/\/andrea.soltis.cz\/wp-content\/uploads\/2021\/12\/NEsladke-tehotenstvi-NEsladky-zivot-1.png","contentUrl":"https:\/\/andrea.soltis.cz\/wp-content\/uploads\/2021\/12\/NEsladke-tehotenstvi-NEsladky-zivot-1.png","width":500,"height":500,"caption":"Bez Cukru Hrav\u011b a Zdrav\u011b"},"image":{"@id":"https:\/\/andrea.soltis.cz\/#\/schema\/logo\/image\/"}},{"@type":"Person","@id":"https:\/\/andrea.soltis.cz\/#\/schema\/person\/a54682aae548588802cb28692c5ea061","name":"Andrea \u0160oltisov\u00e1","image":{"@type":"ImageObject","inLanguage":"cs","@id":"https:\/\/secure.gravatar.com\/avatar\/e26474e383891429595d6d329680667d545e61e884fbde7c12bebad9a60977cd?s=96&d=mm&r=g","url":"https:\/\/secure.gravatar.com\/avatar\/e26474e383891429595d6d329680667d545e61e884fbde7c12bebad9a60977cd?s=96&d=mm&r=g","contentUrl":"https:\/\/secure.gravatar.com\/avatar\/e26474e383891429595d6d329680667d545e61e884fbde7c12bebad9a60977cd?s=96&d=mm&r=g","caption":"Andrea \u0160oltisov\u00e1"},"description":"Jsem pr\u016fvodkyn\u00ed n\u00edzkosacharidovou stravou. V\u00edce o mn\u011b si m\u016f\u017eete p\u0159e\u010d\u00edst v m\u00e9m p\u0159\u00edb\u011bhu. Jsem autorkou online kurzu HRAV\u011a N\u00cdZKOSACHARIDOV\u011a a e-book\u016f M\u00e1 3 (NE)sladk\u00e1 t\u011bhotenstv\u00ed, 3+1 OSV\u011aD\u010cEN\u00ddCH TIP\u016e, JAK UDR\u017dET GLYK\u00c9MII NA UZD\u011a, Velikonoce s GDM, M\u016f\u017eu v\u016fbec jet na dovolenou???, U\u017eijte si V\u00e1noce i s t\u011bhotenskou cukrovkou,\u00a0 Afirmace pro lep\u0161\u00ed zvl\u00e1dnut\u00ed t\u011bhotensk\u00e9 cukrovky, zapisovac\u00edho den\u00edku M\u00e9 (NE)sladk\u00e9 t\u011bhotenstv\u00ed, e-kucha\u0159ky Ka\u017edodenn\u00ed recepty nejen p\u0159i t\u011bhotensk\u00e9 cukrovce\u00a0a e-booku 3 kl\u00ed\u010de ke zvl\u00e1dnut\u00ed t\u011bhotensk\u00e9 cukrovky.","sameAs":["http:\/\/andrea.soltis.cz"],"url":"https:\/\/andrea.soltis.cz\/index.php\/author\/ajusa-zakovagmail-com\/"}]}},"uagb_featured_image_src":{"full":["https:\/\/andrea.soltis.cz\/wp-content\/uploads\/2022\/02\/P5020234-scaled.jpg",2560,1440,false],"thumbnail":["https:\/\/andrea.soltis.cz\/wp-content\/uploads\/2022\/02\/P5020234-150x150.jpg",150,150,true],"medium":["https:\/\/andrea.soltis.cz\/wp-content\/uploads\/2022\/02\/P5020234-300x169.jpg",300,169,true],"medium_large":["https:\/\/andrea.soltis.cz\/wp-content\/uploads\/2022\/02\/P5020234-768x432.jpg",768,432,true],"large":["https:\/\/andrea.soltis.cz\/wp-content\/uploads\/2022\/02\/P5020234-1024x576.jpg",1024,576,true],"1536x1536":["https:\/\/andrea.soltis.cz\/wp-content\/uploads\/2022\/02\/P5020234-1536x864.jpg",1536,864,true],"2048x2048":["https:\/\/andrea.soltis.cz\/wp-content\/uploads\/2022\/02\/P5020234-2048x1152.jpg",2048,1152,true]},"uagb_author_info":{"display_name":"Andrea \u0160oltisov\u00e1","author_link":"https:\/\/andrea.soltis.cz\/index.php\/author\/ajusa-zakovagmail-com\/"},"uagb_comment_info":0,"uagb_excerpt":"P\u0159ece nebudu cel\u00e9 cukrov\u00e9 t\u011bhotenstv\u00ed sed\u011bt doma na zadku\u2026 To mus\u00edm n\u011bjak zvl\u00e1dnout! Hlavou se mi honila spousta podobn\u00fdch my\u0161lenek a po\u0159\u00e1d jsem p\u0159em\u00fd\u0161lela, jak to na t\u00e9 dovolen\u00e9 budu s j\u00eddlem d\u011blat a jestli budu v\u016fbec schopn\u00e1 myslet na n\u011bco jin\u00e9ho ne\u017e na j\u00eddlo. M\u011bli jsme s mu\u017eem objednan\u00fd hotel na \u0160umav\u011b, \u017ee si&hellip;","_links":{"self":[{"href":"https:\/\/andrea.soltis.cz\/index.php\/wp-json\/wp\/v2\/posts\/2375","targetHints":{"allow":["GET"]}}],"collection":[{"href":"https:\/\/andrea.soltis.cz\/index.php\/wp-json\/wp\/v2\/posts"}],"about":[{"href":"https:\/\/andrea.soltis.cz\/index.php\/wp-json\/wp\/v2\/types\/post"}],"author":[{"embeddable":true,"href":"https:\/\/andrea.soltis.cz\/index.php\/wp-json\/wp\/v2\/users\/6"}],"replies":[{"embeddable":true,"href":"https:\/\/andrea.soltis.cz\/index.php\/wp-json\/wp\/v2\/comments?post=2375"}],"version-history":[{"count":0,"href":"https:\/\/andrea.soltis.cz\/index.php\/wp-json\/wp\/v2\/posts\/2375\/revisions"}],"wp:featuredmedia":[{"embeddable":true,"href":"https:\/\/andrea.soltis.cz\/index.php\/wp-json\/wp\/v2\/media\/2376"}],"wp:attachment":[{"href":"https:\/\/andrea.soltis.cz\/index.php\/wp-json\/wp\/v2\/media?parent=2375"}],"wp:term":[{"taxonomy":"category","embeddable":true,"href":"https:\/\/andrea.soltis.cz\/index.php\/wp-json\/wp\/v2\/categories?post=2375"},{"taxonomy":"post_tag","embeddable":true,"href":"https:\/\/andrea.soltis.cz\/index.php\/wp-json\/wp\/v2\/tags?post=2375"}],"curies":[{"name":"wp","href":"https:\/\/api.w.org\/{rel}","templated":true}]}}