{"id":2706,"date":"2022-03-20T20:25:05","date_gmt":"2022-03-20T19:25:05","guid":{"rendered":"https:\/\/andrea.soltis.cz\/?p=2706"},"modified":"2023-05-17T19:11:36","modified_gmt":"2023-05-17T17:11:36","slug":"ach-jo-zase-na-me-neco-leze","status":"publish","type":"post","link":"https:\/\/andrea.soltis.cz\/index.php\/2022\/03\/20\/ach-jo-zase-na-me-neco-leze\/","title":{"rendered":"Ach jo\u2026 Zase na m\u011b n\u011bco leze a chlap to nen\u00ed&#8230;"},"content":{"rendered":"\t\t<div data-elementor-type=\"wp-post\" data-elementor-id=\"2706\" class=\"elementor elementor-2706\">\n\t\t\t\t\t\t<section class=\"elementor-section elementor-top-section elementor-element elementor-element-ebbe2dd elementor-section-boxed elementor-section-height-default elementor-section-height-default\" data-id=\"ebbe2dd\" data-element_type=\"section\" data-e-type=\"section\">\n\t\t\t\t\t\t<div class=\"elementor-container elementor-column-gap-default\">\n\t\t\t\t\t<div class=\"elementor-column elementor-col-100 elementor-top-column elementor-element elementor-element-e6b1412\" data-id=\"e6b1412\" data-element_type=\"column\" data-e-type=\"column\">\n\t\t\t<div class=\"elementor-widget-wrap elementor-element-populated\">\n\t\t\t\t\t\t<div class=\"elementor-element elementor-element-dd12447 elementor-widget elementor-widget-heading\" data-id=\"dd12447\" data-element_type=\"widget\" data-e-type=\"widget\" data-widget_type=\"heading.default\">\n\t\t\t\t<div class=\"elementor-widget-container\">\n\t\t\t\t\t<h3 class=\"elementor-heading-title elementor-size-default\">T\u011bhotn\u00e1 \u017eena, kter\u00e1 onemocn\u00ed, trp\u00ed\u2026 A co teprve t\u011bhotn\u00e1 \u017eena s t\u011bhotenskou cukrovkou! <\/h3>\t\t\t\t<\/div>\n\t\t\t\t<\/div>\n\t\t\t\t<div class=\"elementor-element elementor-element-59920d6 elementor-widget elementor-widget-text-editor\" data-id=\"59920d6\" data-element_type=\"widget\" data-e-type=\"widget\" data-widget_type=\"text-editor.default\">\n\t\t\t\t<div class=\"elementor-widget-container\">\n\t\t\t\t\t\t\t\t\t<p>Je zn\u00e1mo, \u017ee v t\u011bhotenstv\u00ed se v\u011bt\u0161ina l\u00e9k\u016f na b\u011b\u017en\u00e9 infek\u010dn\u00ed nemoci nepod\u00e1v\u00e1, proto\u017ee mohou b\u00fdt pro miminko <b>\u0161kodliv\u00e9<\/b> nebo na n\u011b nejsou studie v t\u011bhotenstv\u00ed.<\/p>\n<p>Norm\u00e1ln\u00ed t\u011bhotn\u00e1 \u017eena si v\u0161ak m\u016f\u017ee po\u0159\u00eddit r\u016fzn\u00e1 <b>p\u0159\u00edrodn\u00ed l\u00e9\u010diva<\/b>, nap\u0159\u00edklad sirupy na ka\u0161el, cucav\u00e9 pastilky nebo homeopatika. U t\u011bhotn\u00e9 \u017eeny s cukrovkou jsou v\u0161ak i tyto p\u0159\u00edrodn\u00ed sirupy a pastilky <b>zak\u00e1zan\u00e9<\/b>, proto\u017ee obsahuj\u00ed cukr v r\u016fzn\u00fdch form\u00e1ch.<\/p>\n<p>Nejednou se mi stalo, \u017ee jsem \u0161la do l\u00e9k\u00e1rny a cht\u011bla n\u011bco na ka\u0161el a r\u00fdmu, proto\u017ee jsem se jich nemohla u\u017e n\u011bjakou dobu zbavit. Kdy\u017e jsem l\u00e9k\u00e1rnici \u0159ekla, \u017ee jsem t\u011bhotn\u00e1 a je\u0161t\u011b k tomu s t\u011bhotenskou cukrovkou, v\u011bt\u0161inou mi <b>nem\u011bla co nab\u00eddnout<\/b>. Jo, existuje sprej do nosu na b\u00e1zi bylinek, j\u00e1 mu \u0159\u00edk\u00e1m \u201e\u017e\u00edravina\u201c. To rad\u011bji budu chodit s nudl\u00ed u nosu ne\u017e toto :-).<\/p>\n<p>Samoz\u0159ejm\u011b m\u011b l\u00e9k\u00e1rnice v\u017edycky odk\u00e1zala <b>k l\u00e9ka\u0159i<\/b>. N\u011bkdy jsem to opravdu pot\u0159ebovala, n\u011bkdy jsem to vy\u0159e\u0161ila pomoc\u00ed \u201ebabsk\u00fdch rad\u201c a jin\u00fdch pomocn\u00edk\u016f ve strav\u011b.<\/p>\n<p><\/p>\t\t\t\t\t\t\t\t<\/div>\n\t\t\t\t<\/div>\n\t\t\t\t<div class=\"elementor-element elementor-element-0723989 elementor-widget elementor-widget-heading\" data-id=\"0723989\" data-element_type=\"widget\" data-e-type=\"widget\" data-widget_type=\"heading.default\">\n\t\t\t\t<div class=\"elementor-widget-container\">\n\t\t\t\t\t<h3 class=\"elementor-heading-title elementor-size-default\">Co se je\u0161t\u011b d\u011bje s Va\u0161\u00edm t\u011blem p\u0159i nemoci?<\/h3>\t\t\t\t<\/div>\n\t\t\t\t<\/div>\n\t\t\t\t<div class=\"elementor-element elementor-element-24cc39d elementor-widget elementor-widget-text-editor\" data-id=\"24cc39d\" data-element_type=\"widget\" data-e-type=\"widget\" data-widget_type=\"text-editor.default\">\n\t\t\t\t<div class=\"elementor-widget-container\">\n\t\t\t\t\t\t\t\t\t<p>Nemoc pro jak\u00e9hokoliv \u010dlov\u011bka je <b>stres<\/b>. U \u017eeny s t\u011bhotenskou cukrovkou m\u00edv\u00e1 stres a nemoc za n\u00e1sledek <b>zv\u00fd\u0161enou hladinu gluk\u00f3zy v krvi<\/b>. T\u00edm p\u00e1dem se m\u016f\u017ee snadno st\u00e1t, \u017ee j\u00eddla, kter\u00e1 V\u00e1m b\u011b\u017en\u011b proch\u00e1zela, najednou p\u0159\u00edli\u0161 <b>zvy\u0161uj\u00ed<\/b> glyk\u00e9mii po j\u00eddle nebo se V\u00e1m zv\u00fd\u0161\u00ed celkov\u011b <b>la\u010dn\u00e1<\/b> glyk\u00e9mie. Co s t\u00edm?&nbsp;<\/p>\n<p>P\u0159edev\u0161\u00edm je dobr\u00e9 tohle v\u0161echno<b> konzultovat s diabetologem <\/b>a to hlavn\u011b, pokud se jedn\u00e1 o dlouhodob\u011bj\u0161\u00ed z\u00e1le\u017eitost a tak\u00e9 nevolnost \u010di zvracen\u00ed.&nbsp;<\/p>\n<p>J\u00e1 jsem si ve sv\u00fdch t\u0159ech t\u011bhotenstv\u00edch pro\u0161la snad \u00fapln\u011b <b>v\u0161emi<\/b> nemocemi. Od r\u00fdmy a nachlazen\u00ed, p\u0159es st\u0159evn\u00ed ch\u0159ipku a\u017e po klasickou ch\u0159ipku (nebo u\u017e to mohlo b\u00fdt tehd\u00e1 i n\u011bco jin\u00e9ho&#8230;<a href=\"https:\/\/andrea.soltis.cz\/index.php\/2022\/02\/03\/jak-jsem-byla-smutna\/\"> viz tento \u010dl\u00e1nek<\/a>.). V\u017edycky jsem se p\u0159i nemoci pot\u00fdkala i se <b>zv\u00fd\u0161en\u00fdmi hodnotami<\/b> glyk\u00e9mie, jednak se \u010dlov\u011bk \u00fapln\u011b dob\u0159e nevysp\u00ed, pak je tu ten stres z nemoci a m\u00e1lo pohybu.<\/p>\n<p>Ve t\u0159et\u00edm t\u011bhotenstv\u00ed jsem ji\u017e m\u011bla s medikac\u00ed od l\u00e9ka\u0159e volnou ruku (pan\u00ed doktorka mi \u0159ekla, \u017ee u\u017e jsem maz\u00e1k a nav\u00edc zdravotn\u00edk), a tak jsem si mohla inzul\u00edn sama nav\u00fd\u0161it a po nemoci zase postupn\u011b sni\u017eovat. Nejprve jsem se sna\u017eila sn\u00ed\u017eit sacharidy v j\u00eddle a pak a\u017e navy\u0161ovala inzul\u00edn. <i><b>Tohle nech\u00e1pejte jako n\u00e1vod, jsou to jen m\u00e9 vzpom\u00ednky<\/b><\/i> :-).<\/p>\t\t\t\t\t\t\t\t<\/div>\n\t\t\t\t<\/div>\n\t\t\t\t<div class=\"elementor-element elementor-element-ee2714d elementor-widget elementor-widget-heading\" data-id=\"ee2714d\" data-element_type=\"widget\" data-e-type=\"widget\" data-widget_type=\"heading.default\">\n\t\t\t\t<div class=\"elementor-widget-container\">\n\t\t\t\t\t<h3 class=\"elementor-heading-title elementor-size-default\">Jak jsem \u0159e\u0161ila nachlazen\u00ed?<span style=\"color: var(--ast-global-color-1);font-size: 1.57895rem;font-style: inherit;background-color: var(--ast-global-color-7)\"><\/span><br><\/h3>\t\t\t\t<\/div>\n\t\t\t\t<\/div>\n\t\t\t\t<div class=\"elementor-element elementor-element-ba8644f elementor-widget elementor-widget-text-editor\" data-id=\"ba8644f\" data-element_type=\"widget\" data-e-type=\"widget\" data-widget_type=\"text-editor.default\">\n\t\t\t\t<div class=\"elementor-widget-container\">\n\t\t\t\t\t\t\t\t\t<p>P\u0159edev\u0161\u00edm jsem se v\u017edycky sna\u017eila zajistit dostate\u010dn\u00fd <b>p\u0159\u00edsun vitam\u00edn\u016f a probiotik<\/b>. P\u0159i t\u011bhotensk\u00e9 cukrovce jsem vitam\u00edn\u016f z \u010derstv\u00e9ho ovoce moc nevy\u017ed\u00edmala, proto\u017ee se sm\u00ed pouze v <b>omezen\u00e9m<\/b> mno\u017estv\u00ed. Proto jsem volila nav\u00edc n\u011bjak\u00fd spr\u00e1vn\u00fd vitam\u00ednov\u00fd dopln\u011bk, se kter\u00fdm mi v l\u00e9k\u00e1rn\u011b v\u017edycky ochotn\u011b pomohli.<\/p><p>Imunita se z nejv\u011bt\u0161\u00ed \u010d\u00e1sti schov\u00e1v\u00e1 v na\u0161ich <b>st\u0159evech,<\/b> proto je d\u016fle\u017eit\u00e9 o n\u011b pe\u010dovat. P\u0159i t\u011bhotensk\u00e9 cukrovce a spr\u00e1vn\u00e9 diet\u011b by m\u011bl b\u00fdt pokryt\u00fd dostate\u010dn\u00fd p\u0159\u00edjem vl\u00e1kniny. Kdy\u017e jsem m\u011bla pocit, \u017ee m\u00e1m vl\u00e1kniny m\u00e1lo (pozn\u00e1te to hlavn\u011b na z\u00e1chod\u011b :-D), p\u0159idala jsem zeleninu, lu\u0161t\u011bniny nebo mlet\u00e9 ln\u011bn\u00e9 sem\u00ednko, psyllium&#8230; Nic se nesm\u00ed p\u0159eh\u00e1n\u011bt, proto\u017ee pokud je vl\u00e1kniny naopak p\u0159\u00edli\u0161, m\u016f\u017ee <b>blokovat<\/b> ve st\u0159ev\u011b vst\u0159eb\u00e1v\u00e1n\u00ed prosp\u011b\u0161n\u00fdch l\u00e1tek.<\/p><p>O zdrav\u00e1 st\u0159eva kr\u00e1sn\u011b pe\u010duj\u00ed zakysan\u00e9 a kva\u0161en\u00e9 v\u00fdrobky, kter\u00e9 dod\u00e1vaj\u00ed p\u0159\u00edrodn\u00ed <b>probiotika<\/b>. Jak zakysan\u00e9 ml\u00e9\u010dn\u00e9 v\u00fdrobky, tak kva\u0161en\u00e1 zelenina, ta je z\u00e1rove\u0148 i bohat\u00fdm zdrojem vitam\u00ednu C. Pokud k nim dod\u00e1te spr\u00e1vn\u00e1 <b>prebiotika<\/b>, m\u00e1te o zdravou floru vystar\u00e1no! Jak spr\u00e1vn\u011b pe\u010dovat o sv\u00e9 st\u0159evo najdete v \u010dl\u00e1nku<b>\u00a0<\/b><a href=\"https:\/\/andrea.soltis.cz\/index.php\/2022\/04\/19\/krmite-spravne-sve-bakterie\/\"><b>Krm\u00edte spr\u00e1vn\u011b sv\u00e9 bakterie?<\/b><\/a><\/p>\t\t\t\t\t\t\t\t<\/div>\n\t\t\t\t<\/div>\n\t\t\t\t<div class=\"elementor-element elementor-element-55cd7e1 elementor-widget elementor-widget-heading\" data-id=\"55cd7e1\" data-element_type=\"widget\" data-e-type=\"widget\" data-widget_type=\"heading.default\">\n\t\t\t\t<div class=\"elementor-widget-container\">\n\t\t\t\t\t<h3 class=\"elementor-heading-title elementor-size-default\">Vitam\u00edn C<\/h3>\t\t\t\t<\/div>\n\t\t\t\t<\/div>\n\t\t\t\t<div class=\"elementor-element elementor-element-a331cc7 elementor-widget elementor-widget-text-editor\" data-id=\"a331cc7\" data-element_type=\"widget\" data-e-type=\"widget\" data-widget_type=\"text-editor.default\">\n\t\t\t\t<div class=\"elementor-widget-container\">\n\t\t\t\t\t\t\t\t\t<p>Vitam\u00edn C je pro na\u0161\u00ed imunitu velice d\u016fle\u017eit\u00fd. Na\u0161t\u011bst\u00ed pro \u017eeny s GDM je ho spousta i v zelenin\u011b &#8211; <b>\u010derven\u00e9 paprice<\/b>, brokolici, kv\u011bt\u00e1ku, kapust\u011b a kva\u0161en\u00e9 zelenin\u011b -, tak\u017ee ji m\u016f\u017eete p\u011bkn\u011b dopl\u0148ovat i p\u0159irozenou formou.<\/p>\t\t\t\t\t\t\t\t<\/div>\n\t\t\t\t<\/div>\n\t\t\t\t<div class=\"elementor-element elementor-element-c6c0ebb elementor-widget elementor-widget-heading\" data-id=\"c6c0ebb\" data-element_type=\"widget\" data-e-type=\"widget\" data-widget_type=\"heading.default\">\n\t\t\t\t<div class=\"elementor-widget-container\">\n\t\t\t\t\t<h3 class=\"elementor-heading-title elementor-size-default\">Vitam\u00edn D<\/h3>\t\t\t\t<\/div>\n\t\t\t\t<\/div>\n\t\t\t\t<div class=\"elementor-element elementor-element-f03c8fb elementor-widget elementor-widget-text-editor\" data-id=\"f03c8fb\" data-element_type=\"widget\" data-e-type=\"widget\" data-widget_type=\"text-editor.default\">\n\t\t\t\t<div class=\"elementor-widget-container\">\n\t\t\t\t\t\t\t\t\t<p>D\u00e1le je to vitam\u00edn D, kter\u00fd je d\u016fle\u017eit\u00fd pro na\u0161\u00ed <b>imunitu.<\/b> Ten se nejl\u00e9pe z\u00edsk\u00e1v\u00e1 pobytem venku na <b>slun\u00ed\u010dku<\/b>. Ov\u0161em v obdob\u00ed, kdy \u0159\u00e1d\u00ed respira\u010dn\u00ed vir\u00f3zy, toho slun\u00ed\u010dka venku moc nen\u00ed. Proto je dobr\u00e9 zv\u00fd\u0161it konzumaci tu\u010dn\u00fdch mo\u0159sk\u00fdch ryb (ale nep\u0159eh\u00e1n\u011bt), vajec, ml\u00e9\u010dn\u00fdch v\u00fdrobk\u016f, jater nebo s\u00e1hnout po n\u011bjak\u00e9m dopl\u0148ku stravy, s t\u00edm V\u00e1m op\u011bt r\u00e1di porad\u00ed v l\u00e9k\u00e1rn\u011b.<\/p>\t\t\t\t\t\t\t\t<\/div>\n\t\t\t\t<\/div>\n\t\t\t\t<div class=\"elementor-element elementor-element-bc204b6 elementor-widget elementor-widget-heading\" data-id=\"bc204b6\" data-element_type=\"widget\" data-e-type=\"widget\" data-widget_type=\"heading.default\">\n\t\t\t\t<div class=\"elementor-widget-container\">\n\t\t\t\t\t<h3 class=\"elementor-heading-title elementor-size-default\">Zinek a selen<\/h3>\t\t\t\t<\/div>\n\t\t\t\t<\/div>\n\t\t\t\t<div class=\"elementor-element elementor-element-3fb2dd5 elementor-widget elementor-widget-text-editor\" data-id=\"3fb2dd5\" data-element_type=\"widget\" data-e-type=\"widget\" data-widget_type=\"text-editor.default\">\n\t\t\t\t<div class=\"elementor-widget-container\">\n\t\t\t\t\t\t\t\t\t<p>Zinek a selen jsou miner\u00e1ly, kter\u00e9 tak\u00e9 podporuj\u00ed <b>imunitn\u00ed syst\u00e9m<\/b>. Zdrojem <b>zinku<\/b> jsou ryby, maso, lu\u0161t\u011bniny, sem\u00ednka (d\u00fd\u0148ov\u00e9), o\u0159echy, ml\u00e9\u010dn\u00e9 v\u00fdrobky, celozrnn\u00e9 obiloviny a n\u011bkter\u00e9 druhy zeleniny (kapusta, \u0159epa, hr\u00e1\u0161ek,\u2026). <b>Selen<\/b> se nejv\u00edce nach\u00e1z\u00ed v o\u0159\u00ed\u0161c\u00edch, ryb\u00e1ch, vnit\u0159nostech, hn\u011bd\u00e9 r\u00fd\u017ei, masu a vejc\u00edch. Se selenem se mus\u00ed zach\u00e1zet opatrn\u011b, ve vy\u0161\u0161\u00edch d\u00e1vk\u00e1ch m\u016f\u017ee b\u00fdt toxick\u00fd.<\/p>\t\t\t\t\t\t\t\t<\/div>\n\t\t\t\t<\/div>\n\t\t\t\t<div class=\"elementor-element elementor-element-6f978c1 elementor-widget elementor-widget-heading\" data-id=\"6f978c1\" data-element_type=\"widget\" data-e-type=\"widget\" data-widget_type=\"heading.default\">\n\t\t\t\t<div class=\"elementor-widget-container\">\n\t\t\t\t\t<h3 class=\"elementor-heading-title elementor-size-default\">Hl\u00edva \u00fast\u0159i\u010dn\u00e1<\/h3>\t\t\t\t<\/div>\n\t\t\t\t<\/div>\n\t\t\t\t<div class=\"elementor-element elementor-element-65d64f5 elementor-widget elementor-widget-text-editor\" data-id=\"65d64f5\" data-element_type=\"widget\" data-e-type=\"widget\" data-widget_type=\"text-editor.default\">\n\t\t\t\t<div class=\"elementor-widget-container\">\n\t\t\t\t\t\t\t\t\t<p>Hl\u00edva \u00fast\u0159i\u010dn\u00e1 obsahuje <b>betaglukany<\/b>, co\u017e jsou polysacharidy, kter\u00e9 aktivuj\u00ed a posiluj\u00ed n\u00e1\u0161 imunitn\u00ed syst\u00e9m a dokonce mohou pomoci se <b>sn\u00ed\u017een\u00edm glyk\u00e9mie<\/b>. Doporu\u010duji pod\u00e1vat hl\u00edvu ve strav\u011b alespo\u0148 <b>1x t\u00fddn\u011b<\/b> v dob\u011b nejv\u011bt\u0161\u00edho v\u00fdskytu respira\u010dn\u00edch onemocn\u011bn\u00ed (pol\u00e9vky, pa\u0161tiky, n\u00e1kypy, p\u0159id\u00e1vat do om\u00e1\u010dek, atd.).<\/p>\t\t\t\t\t\t\t\t<\/div>\n\t\t\t\t<\/div>\n\t\t\t\t<div class=\"elementor-element elementor-element-ee9572a elementor-widget elementor-widget-heading\" data-id=\"ee9572a\" data-element_type=\"widget\" data-e-type=\"widget\" data-widget_type=\"heading.default\">\n\t\t\t\t<div class=\"elementor-widget-container\">\n\t\t\t\t\t<h3 class=\"elementor-heading-title elementor-size-default\">Omega-3<\/h3>\t\t\t\t<\/div>\n\t\t\t\t<\/div>\n\t\t\t\t<div class=\"elementor-element elementor-element-231cfd0 elementor-widget elementor-widget-text-editor\" data-id=\"231cfd0\" data-element_type=\"widget\" data-e-type=\"widget\" data-widget_type=\"text-editor.default\">\n\t\t\t\t<div class=\"elementor-widget-container\">\n\t\t\t\t\t\t\t\t\t<p>Omega-3 jsou mastn\u00e9 kyseliny d\u016fle\u017eit\u00e9 pro n\u00e1\u0161 imunitn\u00ed syst\u00e9m, p\u0159edev\u0161\u00edm <b>EPA a DHA<\/b>, kter\u00e9 p\u016fsob\u00ed protiz\u00e1n\u011btliv\u011b. Dobr\u00fdm <b>zdrojem<\/b> omega-3 jsou tu\u010dn\u00e9 ryby (ryb\u00ed olej), ln\u011bn\u00fd olej nebo olej z chia sem\u00ednek.<\/p>\t\t\t\t\t\t\t\t<\/div>\n\t\t\t\t<\/div>\n\t\t\t\t<div class=\"elementor-element elementor-element-de45b38 elementor-widget elementor-widget-image\" data-id=\"de45b38\" data-element_type=\"widget\" data-e-type=\"widget\" data-widget_type=\"image.default\">\n\t\t\t\t<div class=\"elementor-widget-container\">\n\t\t\t\t\t\t\t\t\t\t\t\t\t\t\t<img fetchpriority=\"high\" decoding=\"async\" width=\"300\" height=\"232\" src=\"https:\/\/andrea.soltis.cz\/wp-content\/uploads\/2022\/03\/2-300x232.png\" class=\"attachment-medium size-medium wp-image-2710\" alt=\"\" srcset=\"https:\/\/andrea.soltis.cz\/wp-content\/uploads\/2022\/03\/2-300x232.png 300w, https:\/\/andrea.soltis.cz\/wp-content\/uploads\/2022\/03\/2-1024x791.png 1024w, https:\/\/andrea.soltis.cz\/wp-content\/uploads\/2022\/03\/2-768x593.png 768w, https:\/\/andrea.soltis.cz\/wp-content\/uploads\/2022\/03\/2-1536x1187.png 1536w, https:\/\/andrea.soltis.cz\/wp-content\/uploads\/2022\/03\/2.png 2000w\" sizes=\"(max-width: 300px) 100vw, 300px\" \/>\t\t\t\t\t\t\t\t\t\t\t\t\t\t\t<\/div>\n\t\t\t\t<\/div>\n\t\t\t\t<div class=\"elementor-element elementor-element-f054d30 elementor-widget elementor-widget-heading\" data-id=\"f054d30\" data-element_type=\"widget\" data-e-type=\"widget\" data-widget_type=\"heading.default\">\n\t\t\t\t<div class=\"elementor-widget-container\">\n\t\t\t\t\t<h3 class=\"elementor-heading-title elementor-size-default\">Babsk\u00e9 rady<\/h3>\t\t\t\t<\/div>\n\t\t\t\t<\/div>\n\t\t\t\t<div class=\"elementor-element elementor-element-b8e3940 elementor-widget elementor-widget-text-editor\" data-id=\"b8e3940\" data-element_type=\"widget\" data-e-type=\"widget\" data-widget_type=\"text-editor.default\">\n\t\t\t\t<div class=\"elementor-widget-container\">\n\t\t\t\t\t\t\t\t\t<p>Sh\u00e1n\u011bla jsem na internetu tak\u00e9 r\u016fzn\u00e9 &#8222;babsk\u00e9&#8220; rady, kter\u00e9 by mi pomohly ulevit od r\u00fdmy, ka\u0161le i hore\u010dky.<\/p>\t\t\t\t\t\t\t\t<\/div>\n\t\t\t\t<\/div>\n\t\t\t\t<div class=\"elementor-element elementor-element-5bb74e1 elementor-widget elementor-widget-heading\" data-id=\"5bb74e1\" data-element_type=\"widget\" data-e-type=\"widget\" data-widget_type=\"heading.default\">\n\t\t\t\t<div class=\"elementor-widget-container\">\n\t\t\t\t\t<h3 class=\"elementor-heading-title elementor-size-default\">R\u00fdma <\/h3>\t\t\t\t<\/div>\n\t\t\t\t<\/div>\n\t\t\t\t<div class=\"elementor-element elementor-element-b6c61f0 elementor-widget elementor-widget-text-editor\" data-id=\"b6c61f0\" data-element_type=\"widget\" data-e-type=\"widget\" data-widget_type=\"text-editor.default\">\n\t\t\t\t<div class=\"elementor-widget-container\">\n\t\t\t\t\t\t\t\t\t<p>Na r\u00fdmu a ucpan\u00e9 dutiny se mi osv\u011bd\u010dilo<b> napa\u0159ov\u00e1n\u00ed<\/b> nad hrncem hork\u00e9 vody. Ne\u017e jsem s\u00e1hla po p\u0159\u00eddavku n\u011bjak\u00e9ho \u00e9terick\u00e9ho oleje, v\u017edy jsem na internetu zkontrolovala, jestli je v t\u011bhotenstv\u00ed <b>bezpe\u010dn\u00fd<\/b>. Kdy\u017e se mi necht\u011blo sed\u011bt nad hrncem s ru\u010dn\u00edkem p\u0159es hlavu nebo to z n\u011bjak\u00e9ho d\u016fvodu ne\u0161lo (nenechav\u00e9 d\u011bti), nah\u0159\u00e1la jsem si v troub\u011b speci\u00e1ln\u00ed <b>nah\u0159\u00edvac\u00ed pol\u0161t\u00e1\u0159<\/b> (na bolav\u00e1 z\u00e1da a klouby). Ten jsem si pak p\u0159ilo\u017eila na obli\u010dej a lehla na gau\u010d. V\u011bt\u0161inou mi to pomohlo i od <b>bolesti hlavy.<\/b> Pro \u00falevu od ucpan\u00e9ho nosu kr\u00e1sn\u011b pom\u016f\u017ee hypertonick\u00fd soln\u00fd roztok. Bu\u010f jako nosn\u00ed sprej z l\u00e9k\u00e1rny nebo ve form\u011b <b>&#8222;konvi\u010dkov\u00e1n\u00ed&#8220;<\/b> p\u0159\u00edmo do nosu.<\/p>\t\t\t\t\t\t\t\t<\/div>\n\t\t\t\t<\/div>\n\t\t\t\t<div class=\"elementor-element elementor-element-6bdb985 elementor-widget elementor-widget-heading\" data-id=\"6bdb985\" data-element_type=\"widget\" data-e-type=\"widget\" data-widget_type=\"heading.default\">\n\t\t\t\t<div class=\"elementor-widget-container\">\n\t\t\t\t\t<h3 class=\"elementor-heading-title elementor-size-default\">Bolest v krku a ka\u0161el<\/h3>\t\t\t\t<\/div>\n\t\t\t\t<\/div>\n\t\t\t\t<div class=\"elementor-element elementor-element-e371e04 elementor-widget elementor-widget-text-editor\" data-id=\"e371e04\" data-element_type=\"widget\" data-e-type=\"widget\" data-widget_type=\"text-editor.default\">\n\t\t\t\t<div class=\"elementor-widget-container\">\n\t\t\t\t\t\t\t\t\t<p>P\u0159i bolesti v krku a ka\u0161li jsem velmi r\u00e1da pou\u017e\u00edvala, a st\u00e1le pou\u017e\u00edv\u00e1m, r\u016fzn\u00e9 druhy<b> z\u00e1bal\u016f.<\/b> N\u011bkdy Priessnitz\u016fv z\u00e1bal n\u011bkdy olejov\u00fd, ten je skv\u011bl\u00fd na such\u00fd ka\u0161el. <b>Tymi\u00e1nov\u00e1 mast<\/b> je tak\u00e9 v\u00fdborn\u00fd pomocn\u00edk, je dobr\u00e9 s n\u00ed namazat nejen krk, hrudn\u00edk a z\u00e1da, ale tak\u00e9 vmas\u00edrovat tro\u0161ku do <b>plosek nohou<\/b> a ty pak zabalit do tepl\u00fdch pono\u017eek. Tymi\u00e1nov\u00e1 mast pom\u00e1h\u00e1 i p\u0159i bolestech hlavy, zad, kloub\u016f, r\u00fdm\u011b a ucpan\u00fdch dutin\u00e1ch.<\/p>\t\t\t\t\t\t\t\t<\/div>\n\t\t\t\t<\/div>\n\t\t\t\t<div class=\"elementor-element elementor-element-39c9d92 elementor-widget elementor-widget-heading\" data-id=\"39c9d92\" data-element_type=\"widget\" data-e-type=\"widget\" data-widget_type=\"heading.default\">\n\t\t\t\t<div class=\"elementor-widget-container\">\n\t\t\t\t\t<h3 class=\"elementor-heading-title elementor-size-default\">Hore\u010dka<\/h3>\t\t\t\t<\/div>\n\t\t\t\t<\/div>\n\t\t\t\t<div class=\"elementor-element elementor-element-0cf0071 elementor-widget elementor-widget-text-editor\" data-id=\"0cf0071\" data-element_type=\"widget\" data-e-type=\"widget\" data-widget_type=\"text-editor.default\">\n\t\t\t\t<div class=\"elementor-widget-container\">\n\t\t\t\t\t\t\t\t\t<p>V\u0161ichni jist\u011b v\u00edte, \u017ee hore\u010dka se nejl\u00e9pe sr\u00e1\u017e\u00ed <b>studen\u00fdmi obklady<\/b> nebo paracetamolem. Co m\u011b ale p\u0159ekvapilo v posledn\u00edm t\u011bhotenstv\u00ed byly<b> octov\u00e9 pono\u017eky<\/b>. Do roztoku (p\u016fl litru studen\u00e9 vody a 6 l\u017eic octu) namo\u010d\u00edte pono\u017eky, nasad\u00edte na nohy a p\u0159es n\u011b nasad\u00edte je\u0161t\u011b jedny nebo dvoje such\u00e9, tepl\u00e9 pono\u017eky a nech\u00e1te 20 minut p\u016fsobit, pot\u00e9 opakujete podle pot\u0159eby.&nbsp;<\/p><p>Byla jsem na konci 8. m\u011bs\u00edce a m\u011bla <b>hore\u010dku<\/b>, kter\u00e1 \u0161la jen velmi t\u011b\u017eko srazit. Na g\u016fglu jsem narazila na n\u00e1vod na octov\u00e9 pono\u017eky a m\u016f\u017eu \u0159\u00edct, \u017ee mi v\u017edycky alespo\u0148 na chv\u00edli ulevily. Nicm\u00e9n\u011b to tehd\u00e1 stejn\u011b nepomohlo a skon\u010dila jsem v nemocnici\u2026 Viz. <a href=\"https:\/\/andrea.soltis.cz\/index.php\/2022\/02\/03\/jak-jsem-byla-smutna\/\"><b>\u010dl\u00e1nek zde :-). <\/b><\/a><\/p>\t\t\t\t\t\t\t\t<\/div>\n\t\t\t\t<\/div>\n\t\t\t\t<div class=\"elementor-element elementor-element-ef57918 elementor-widget elementor-widget-heading\" data-id=\"ef57918\" data-element_type=\"widget\" data-e-type=\"widget\" data-widget_type=\"heading.default\">\n\t\t\t\t<div class=\"elementor-widget-container\">\n\t\t\t\t\t<h3 class=\"elementor-heading-title elementor-size-default\">Co \u0159\u00edct z\u00e1v\u011brem?<\/h3>\t\t\t\t<\/div>\n\t\t\t\t<\/div>\n\t\t\t\t<div class=\"elementor-element elementor-element-e5625e6 elementor-widget elementor-widget-text-editor\" data-id=\"e5625e6\" data-element_type=\"widget\" data-e-type=\"widget\" data-widget_type=\"text-editor.default\">\n\t\t\t\t<div class=\"elementor-widget-container\">\n\t\t\t\t\t\t\t\t\t<p>Snad jen, \u017ee je dobr\u00e9 db\u00e1t na <b>prevenci.<\/b> Tou m\u016f\u017ee b\u00fdt \u010dast\u00fd pobyt venku na \u010derstv\u00e9m vzduchu, pestr\u00e1 strava, pohyb, psychick\u00e1 pohoda a dostatek vitam\u00edn\u016f. Mysl\u00edm si, \u017ee je dobr\u00e9 d\u00e1t si ka\u017ed\u00fd den malou porci \u201enadupan\u00e9\u201c <b>kva\u0161en\u00e9 zeleniny,<\/b> na kterou u\u017e na internetu existuje spousta recept\u016f. U n\u00e1s doma nejv\u00edce fr\u010d\u00ed zel\u00ed samostatn\u011b kva\u0161en\u00e9 a zel\u00ed v r\u016fzn\u00fdch kombinac\u00edch \u2013 s \u010dervenou \u0159epou, s ko\u0159enovou zeleninou, s cibul\u00ed a mrkv\u00ed, atd.<\/p><p><span style=\"text-align: start;\">V t\u011bhotenstv\u00ed plat\u00ed pravidla\u00a0<\/span><span style=\"font-weight: bold; text-align: start;\">\u201enic se nesm\u00ed p\u0159eh\u00e1n\u011bt\u201c<\/span><span style=\"text-align: start;\">\u00a0a\u00a0<\/span><span style=\"font-weight: bold; text-align: start;\">\u201ev\u0161eho s m\u00edrou\u201c<\/span><span style=\"text-align: start;\">\u00a0a t\u011bch jsem se v\u017edycky dr\u017eela. Hlavn\u011b co se t\u00fd\u010de bylinek. Ne v\u0161echny se v t\u011bhotenstv\u00ed sm\u00ed u\u017e\u00edvat.<\/span><\/p>\t\t\t\t\t\t\t\t<\/div>\n\t\t\t\t<\/div>\n\t\t\t\t<div class=\"elementor-element elementor-element-271e0c2 elementor-widget elementor-widget-heading\" data-id=\"271e0c2\" data-element_type=\"widget\" data-e-type=\"widget\" data-widget_type=\"heading.default\">\n\t\t\t\t<div class=\"elementor-widget-container\">\n\t\t\t\t\t<h3 class=\"elementor-heading-title elementor-size-default\">Jo a je\u0161t\u011b dod\u00e1m, \u017ee nejsem l\u00e9ka\u0159 a toto nen\u00ed doporu\u010den\u00ed, jak se chovat a co si \u201elupnout\u201c p\u0159i nemoci, n\u00fdbr\u017e prost\u00fd souhrn poznatk\u016f z m\u00fdch t\u0159ech t\u011bhotenstv\u00ed. \ud83d\ude42<br> Sv\u016fj zdravotn\u00ed stav v\u017edy konzultujte se sv\u00fdm l\u00e9ka\u0159em.<\/h3>\t\t\t\t<\/div>\n\t\t\t\t<\/div>\n\t\t\t\t<div class=\"elementor-element elementor-element-c10f1e2 elementor-widget elementor-widget-spacer\" data-id=\"c10f1e2\" data-element_type=\"widget\" data-e-type=\"widget\" data-widget_type=\"spacer.default\">\n\t\t\t\t<div class=\"elementor-widget-container\">\n\t\t\t\t\t\t\t<div class=\"elementor-spacer\">\n\t\t\t<div class=\"elementor-spacer-inner\"><\/div>\n\t\t<\/div>\n\t\t\t\t\t\t<\/div>\n\t\t\t\t<\/div>\n\t\t\t\t<div class=\"elementor-element elementor-element-a25c388 elementor-widget elementor-widget-text-editor\" data-id=\"a25c388\" data-element_type=\"widget\" data-e-type=\"widget\" data-widget_type=\"text-editor.default\">\n\t\t\t\t<div class=\"elementor-widget-container\">\n\t\t\t\t\t\t\t\t\t<p>Zaj\u00edm\u00e1 V\u00e1s, jak jsem <b>pro\u017e\u00edvala<\/b> v\u0161echna sv\u00e1 &#8222;cukrov\u00e1&#8220; t\u011bhotenstv\u00ed? Pak si st\u00e1hn\u011bte zdarma e-book <a href=\"https:\/\/andrea.soltis.cz\/index.php\/ebook-zdarma\/\"><b>M\u00e1 3 (NE)sladk\u00e1 t\u011bhotenstv\u00ed.<\/b><\/a>\u00a0Zjist\u00edte z \u010deho jsem byla smutn\u00e1, jak jsem to m\u011bla v jednotliv\u00fdch t\u011bhotenstv\u00edch, co m\u011b roz\u010darovalo a co m\u016f\u017eete\u00a0<b>VY zm\u011bnit hned<\/b>\u00a0te\u010f po p\u0159e\u010dten\u00ed tohoto e-booku!<\/p><p>Va\u0161e Andrea z (NE)sladk\u00e9ho t\u011bhotenstv\u00ed\u00a0\ud83e\udde1<\/p>\t\t\t\t\t\t\t\t<\/div>\n\t\t\t\t<\/div>\n\t\t\t\t\t<\/div>\n\t\t<\/div>\n\t\t\t\t\t<\/div>\n\t\t<\/section>\n\t\t\t\t<\/div>\n\t\t","protected":false},"excerpt":{"rendered":"<p>T\u011bhotn\u00e1 \u017eena, kter\u00e1 onemocn\u00ed, trp\u00ed\u2026 A co teprve t\u011bhotn\u00e1 \u017eena s t\u011bhotenskou cukrovkou! Je zn\u00e1mo, \u017ee v t\u011bhotenstv\u00ed se v\u011bt\u0161ina l\u00e9k\u016f na b\u011b\u017en\u00e9 infek\u010dn\u00ed nemoci nepod\u00e1v\u00e1, proto\u017ee mohou b\u00fdt pro miminko \u0161kodliv\u00e9 nebo na n\u011b nejsou studie v t\u011bhotenstv\u00ed. Norm\u00e1ln\u00ed t\u011bhotn\u00e1 \u017eena si v\u0161ak m\u016f\u017ee po\u0159\u00eddit r\u016fzn\u00e1 p\u0159\u00edrodn\u00ed l\u00e9\u010diva, nap\u0159\u00edklad sirupy na ka\u0161el, cucav\u00e9 pastilky [&hellip;]<\/p>\n","protected":false},"author":6,"featured_media":2707,"comment_status":"open","ping_status":"open","sticky":false,"template":"elementor_theme","format":"standard","meta":{"_uag_custom_page_level_css":"","site-sidebar-layout":"default","site-content-layout":"","ast-site-content-layout":"default","site-content-style":"default","site-sidebar-style":"default","ast-global-header-display":"","ast-banner-title-visibility":"","ast-main-header-display":"","ast-hfb-above-header-display":"","ast-hfb-below-header-display":"","ast-hfb-mobile-header-display":"","site-post-title":"","ast-breadcrumbs-content":"","ast-featured-img":"","footer-sml-layout":"","ast-disable-related-posts":"","theme-transparent-header-meta":"","adv-header-id-meta":"","stick-header-meta":"","header-above-stick-meta":"","header-main-stick-meta":"","header-below-stick-meta":"","astra-migrate-meta-layouts":"default","ast-page-background-enabled":"default","ast-page-background-meta":{"desktop":{"background-color":"","background-image":"","background-repeat":"repeat","background-position":"center center","background-size":"auto","background-attachment":"scroll","background-type":"","background-media":"","overlay-type":"","overlay-color":"","overlay-opacity":"","overlay-gradient":""},"tablet":{"background-color":"","background-image":"","background-repeat":"repeat","background-position":"center center","background-size":"auto","background-attachment":"scroll","background-type":"","background-media":"","overlay-type":"","overlay-color":"","overlay-opacity":"","overlay-gradient":""},"mobile":{"background-color":"","background-image":"","background-repeat":"repeat","background-position":"center center","background-size":"auto","background-attachment":"scroll","background-type":"","background-media":"","overlay-type":"","overlay-color":"","overlay-opacity":"","overlay-gradient":""}},"ast-content-background-meta":{"desktop":{"background-color":"var(--ast-global-color-5)","background-image":"","background-repeat":"repeat","background-position":"center center","background-size":"auto","background-attachment":"scroll","background-type":"","background-media":"","overlay-type":"","overlay-color":"","overlay-opacity":"","overlay-gradient":""},"tablet":{"background-color":"var(--ast-global-color-5)","background-image":"","background-repeat":"repeat","background-position":"center center","background-size":"auto","background-attachment":"scroll","background-type":"","background-media":"","overlay-type":"","overlay-color":"","overlay-opacity":"","overlay-gradient":""},"mobile":{"background-color":"var(--ast-global-color-5)","background-image":"","background-repeat":"repeat","background-position":"center center","background-size":"auto","background-attachment":"scroll","background-type":"","background-media":"","overlay-type":"","overlay-color":"","overlay-opacity":"","overlay-gradient":""}},"footnotes":""},"categories":[7],"tags":[],"class_list":["post-2706","post","type-post","status-publish","format-standard","has-post-thumbnail","hentry","category-gdm"],"yoast_head":"<!-- This site is optimized with the Yoast SEO plugin v27.4 - https:\/\/yoast.com\/product\/yoast-seo-wordpress\/ -->\n<title>Ach jo\u2026 Zase na m\u011b n\u011bco leze a chlap to nen\u00ed... - Bez Cukru Hrav\u011b a Zdrav\u011b<\/title>\n<meta name=\"robots\" content=\"index, follow, max-snippet:-1, max-image-preview:large, max-video-preview:-1\" \/>\n<link rel=\"canonical\" href=\"https:\/\/andrea.soltis.cz\/index.php\/2022\/03\/20\/ach-jo-zase-na-me-neco-leze\/\" \/>\n<meta property=\"og:locale\" content=\"cs_CZ\" \/>\n<meta property=\"og:type\" content=\"article\" \/>\n<meta property=\"og:title\" content=\"Ach jo\u2026 Zase na m\u011b n\u011bco leze a chlap to nen\u00ed...\" \/>\n<meta property=\"og:description\" content=\"T\u011bhotn\u00e1 \u017eena, kter\u00e1 onemocn\u00ed, trp\u00ed\u2026 A co teprve t\u011bhotn\u00e1 \u017eena s t\u011bhotenskou cukrovkou!\" \/>\n<meta property=\"og:url\" content=\"https:\/\/andrea.soltis.cz\/index.php\/2022\/03\/20\/ach-jo-zase-na-me-neco-leze\/\" \/>\n<meta property=\"og:site_name\" content=\"Bez Cukru Hrav\u011b a Zdrav\u011b\" \/>\n<meta property=\"article:published_time\" content=\"2022-03-20T19:25:05+00:00\" \/>\n<meta property=\"article:modified_time\" content=\"2023-05-17T17:11:36+00:00\" \/>\n<meta property=\"og:image\" content=\"https:\/\/andrea.soltis.cz\/wp-content\/uploads\/2022\/03\/Navrh-bez-nazvu-1.png\" \/>\n\t<meta property=\"og:image:width\" content=\"1200\" \/>\n\t<meta property=\"og:image:height\" content=\"628\" \/>\n\t<meta property=\"og:image:type\" content=\"image\/png\" \/>\n<meta name=\"author\" content=\"Andrea \u0160oltisov\u00e1\" \/>\n<meta name=\"twitter:card\" content=\"summary_large_image\" \/>\n<meta name=\"twitter:label1\" content=\"Napsal(a)\" \/>\n\t<meta name=\"twitter:data1\" content=\"Andrea \u0160oltisov\u00e1\" \/>\n\t<meta name=\"twitter:label2\" content=\"Odhadovan\u00e1 doba \u010dten\u00ed\" \/>\n\t<meta name=\"twitter:data2\" content=\"8 minut\" \/>\n<script type=\"application\/ld+json\" class=\"yoast-schema-graph\">{\"@context\":\"https:\\\/\\\/schema.org\",\"@graph\":[{\"@type\":\"Article\",\"@id\":\"https:\\\/\\\/andrea.soltis.cz\\\/index.php\\\/2022\\\/03\\\/20\\\/ach-jo-zase-na-me-neco-leze\\\/#article\",\"isPartOf\":{\"@id\":\"https:\\\/\\\/andrea.soltis.cz\\\/index.php\\\/2022\\\/03\\\/20\\\/ach-jo-zase-na-me-neco-leze\\\/\"},\"author\":{\"name\":\"Andrea \u0160oltisov\u00e1\",\"@id\":\"https:\\\/\\\/andrea.soltis.cz\\\/#\\\/schema\\\/person\\\/a54682aae548588802cb28692c5ea061\"},\"headline\":\"Ach jo\u2026 Zase na m\u011b n\u011bco leze a chlap to nen\u00ed&#8230;\",\"datePublished\":\"2022-03-20T19:25:05+00:00\",\"dateModified\":\"2023-05-17T17:11:36+00:00\",\"mainEntityOfPage\":{\"@id\":\"https:\\\/\\\/andrea.soltis.cz\\\/index.php\\\/2022\\\/03\\\/20\\\/ach-jo-zase-na-me-neco-leze\\\/\"},\"wordCount\":1811,\"commentCount\":0,\"publisher\":{\"@id\":\"https:\\\/\\\/andrea.soltis.cz\\\/#organization\"},\"image\":{\"@id\":\"https:\\\/\\\/andrea.soltis.cz\\\/index.php\\\/2022\\\/03\\\/20\\\/ach-jo-zase-na-me-neco-leze\\\/#primaryimage\"},\"thumbnailUrl\":\"https:\\\/\\\/andrea.soltis.cz\\\/wp-content\\\/uploads\\\/2022\\\/03\\\/Navrh-bez-nazvu-1.png\",\"articleSection\":[\"GDM\"],\"inLanguage\":\"cs\",\"potentialAction\":[{\"@type\":\"CommentAction\",\"name\":\"Comment\",\"target\":[\"https:\\\/\\\/andrea.soltis.cz\\\/index.php\\\/2022\\\/03\\\/20\\\/ach-jo-zase-na-me-neco-leze\\\/#respond\"]}]},{\"@type\":\"WebPage\",\"@id\":\"https:\\\/\\\/andrea.soltis.cz\\\/index.php\\\/2022\\\/03\\\/20\\\/ach-jo-zase-na-me-neco-leze\\\/\",\"url\":\"https:\\\/\\\/andrea.soltis.cz\\\/index.php\\\/2022\\\/03\\\/20\\\/ach-jo-zase-na-me-neco-leze\\\/\",\"name\":\"Ach jo\u2026 Zase na m\u011b n\u011bco leze a chlap to nen\u00ed... - Bez Cukru Hrav\u011b a Zdrav\u011b\",\"isPartOf\":{\"@id\":\"https:\\\/\\\/andrea.soltis.cz\\\/#website\"},\"primaryImageOfPage\":{\"@id\":\"https:\\\/\\\/andrea.soltis.cz\\\/index.php\\\/2022\\\/03\\\/20\\\/ach-jo-zase-na-me-neco-leze\\\/#primaryimage\"},\"image\":{\"@id\":\"https:\\\/\\\/andrea.soltis.cz\\\/index.php\\\/2022\\\/03\\\/20\\\/ach-jo-zase-na-me-neco-leze\\\/#primaryimage\"},\"thumbnailUrl\":\"https:\\\/\\\/andrea.soltis.cz\\\/wp-content\\\/uploads\\\/2022\\\/03\\\/Navrh-bez-nazvu-1.png\",\"datePublished\":\"2022-03-20T19:25:05+00:00\",\"dateModified\":\"2023-05-17T17:11:36+00:00\",\"breadcrumb\":{\"@id\":\"https:\\\/\\\/andrea.soltis.cz\\\/index.php\\\/2022\\\/03\\\/20\\\/ach-jo-zase-na-me-neco-leze\\\/#breadcrumb\"},\"inLanguage\":\"cs\",\"potentialAction\":[{\"@type\":\"ReadAction\",\"target\":[\"https:\\\/\\\/andrea.soltis.cz\\\/index.php\\\/2022\\\/03\\\/20\\\/ach-jo-zase-na-me-neco-leze\\\/\"]}]},{\"@type\":\"ImageObject\",\"inLanguage\":\"cs\",\"@id\":\"https:\\\/\\\/andrea.soltis.cz\\\/index.php\\\/2022\\\/03\\\/20\\\/ach-jo-zase-na-me-neco-leze\\\/#primaryimage\",\"url\":\"https:\\\/\\\/andrea.soltis.cz\\\/wp-content\\\/uploads\\\/2022\\\/03\\\/Navrh-bez-nazvu-1.png\",\"contentUrl\":\"https:\\\/\\\/andrea.soltis.cz\\\/wp-content\\\/uploads\\\/2022\\\/03\\\/Navrh-bez-nazvu-1.png\",\"width\":1200,\"height\":628},{\"@type\":\"BreadcrumbList\",\"@id\":\"https:\\\/\\\/andrea.soltis.cz\\\/index.php\\\/2022\\\/03\\\/20\\\/ach-jo-zase-na-me-neco-leze\\\/#breadcrumb\",\"itemListElement\":[{\"@type\":\"ListItem\",\"position\":1,\"name\":\"Dom\u016f\",\"item\":\"https:\\\/\\\/andrea.soltis.cz\\\/\"},{\"@type\":\"ListItem\",\"position\":2,\"name\":\"Ach jo\u2026 Zase na m\u011b n\u011bco leze a chlap to nen\u00ed&#8230;\"}]},{\"@type\":\"WebSite\",\"@id\":\"https:\\\/\\\/andrea.soltis.cz\\\/#website\",\"url\":\"https:\\\/\\\/andrea.soltis.cz\\\/\",\"name\":\"Bez Cukru Hrav\u011b a Zdrav\u011b\",\"description\":\"(NE)sladk\u00e9 t\u011bhotenstv\u00ed, aneb jak se vypo\u0159\u00e1dat s t\u011bhotenskou cukrovkou a prediabetem.\",\"publisher\":{\"@id\":\"https:\\\/\\\/andrea.soltis.cz\\\/#organization\"},\"potentialAction\":[{\"@type\":\"SearchAction\",\"target\":{\"@type\":\"EntryPoint\",\"urlTemplate\":\"https:\\\/\\\/andrea.soltis.cz\\\/?s={search_term_string}\"},\"query-input\":{\"@type\":\"PropertyValueSpecification\",\"valueRequired\":true,\"valueName\":\"search_term_string\"}}],\"inLanguage\":\"cs\"},{\"@type\":\"Organization\",\"@id\":\"https:\\\/\\\/andrea.soltis.cz\\\/#organization\",\"name\":\"Bez Cukru Hrav\u011b a Zdrav\u011b\",\"url\":\"https:\\\/\\\/andrea.soltis.cz\\\/\",\"logo\":{\"@type\":\"ImageObject\",\"inLanguage\":\"cs\",\"@id\":\"https:\\\/\\\/andrea.soltis.cz\\\/#\\\/schema\\\/logo\\\/image\\\/\",\"url\":\"https:\\\/\\\/andrea.soltis.cz\\\/wp-content\\\/uploads\\\/2021\\\/12\\\/NEsladke-tehotenstvi-NEsladky-zivot-1.png\",\"contentUrl\":\"https:\\\/\\\/andrea.soltis.cz\\\/wp-content\\\/uploads\\\/2021\\\/12\\\/NEsladke-tehotenstvi-NEsladky-zivot-1.png\",\"width\":500,\"height\":500,\"caption\":\"Bez Cukru Hrav\u011b a Zdrav\u011b\"},\"image\":{\"@id\":\"https:\\\/\\\/andrea.soltis.cz\\\/#\\\/schema\\\/logo\\\/image\\\/\"}},{\"@type\":\"Person\",\"@id\":\"https:\\\/\\\/andrea.soltis.cz\\\/#\\\/schema\\\/person\\\/a54682aae548588802cb28692c5ea061\",\"name\":\"Andrea \u0160oltisov\u00e1\",\"image\":{\"@type\":\"ImageObject\",\"inLanguage\":\"cs\",\"@id\":\"https:\\\/\\\/secure.gravatar.com\\\/avatar\\\/e26474e383891429595d6d329680667d545e61e884fbde7c12bebad9a60977cd?s=96&d=mm&r=g\",\"url\":\"https:\\\/\\\/secure.gravatar.com\\\/avatar\\\/e26474e383891429595d6d329680667d545e61e884fbde7c12bebad9a60977cd?s=96&d=mm&r=g\",\"contentUrl\":\"https:\\\/\\\/secure.gravatar.com\\\/avatar\\\/e26474e383891429595d6d329680667d545e61e884fbde7c12bebad9a60977cd?s=96&d=mm&r=g\",\"caption\":\"Andrea \u0160oltisov\u00e1\"},\"description\":\"Jsem pr\u016fvodkyn\u00ed n\u00edzkosacharidovou stravou. V\u00edce o mn\u011b si m\u016f\u017eete p\u0159e\u010d\u00edst v m\u00e9m p\u0159\u00edb\u011bhu. Jsem autorkou online kurzu HRAV\u011a N\u00cdZKOSACHARIDOV\u011a a e-book\u016f M\u00e1 3 (NE)sladk\u00e1 t\u011bhotenstv\u00ed, 3+1 OSV\u011aD\u010cEN\u00ddCH TIP\u016e, JAK UDR\u017dET GLYK\u00c9MII NA UZD\u011a, Velikonoce s GDM, M\u016f\u017eu v\u016fbec jet na dovolenou???, U\u017eijte si V\u00e1noce i s t\u011bhotenskou cukrovkou,\u00a0 Afirmace pro lep\u0161\u00ed zvl\u00e1dnut\u00ed t\u011bhotensk\u00e9 cukrovky, zapisovac\u00edho den\u00edku M\u00e9 (NE)sladk\u00e9 t\u011bhotenstv\u00ed, e-kucha\u0159ky Ka\u017edodenn\u00ed recepty nejen p\u0159i t\u011bhotensk\u00e9 cukrovce\u00a0a e-booku 3 kl\u00ed\u010de ke zvl\u00e1dnut\u00ed t\u011bhotensk\u00e9 cukrovky.\",\"sameAs\":[\"http:\\\/\\\/andrea.soltis.cz\"],\"url\":\"https:\\\/\\\/andrea.soltis.cz\\\/index.php\\\/author\\\/ajusa-zakovagmail-com\\\/\"}]}<\/script>\n<!-- \/ Yoast SEO plugin. -->","yoast_head_json":{"title":"Ach jo\u2026 Zase na m\u011b n\u011bco leze a chlap to nen\u00ed... - Bez Cukru Hrav\u011b a Zdrav\u011b","robots":{"index":"index","follow":"follow","max-snippet":"max-snippet:-1","max-image-preview":"max-image-preview:large","max-video-preview":"max-video-preview:-1"},"canonical":"https:\/\/andrea.soltis.cz\/index.php\/2022\/03\/20\/ach-jo-zase-na-me-neco-leze\/","og_locale":"cs_CZ","og_type":"article","og_title":"Ach jo\u2026 Zase na m\u011b n\u011bco leze a chlap to nen\u00ed...","og_description":"T\u011bhotn\u00e1 \u017eena, kter\u00e1 onemocn\u00ed, trp\u00ed\u2026 A co teprve t\u011bhotn\u00e1 \u017eena s t\u011bhotenskou cukrovkou!","og_url":"https:\/\/andrea.soltis.cz\/index.php\/2022\/03\/20\/ach-jo-zase-na-me-neco-leze\/","og_site_name":"Bez Cukru Hrav\u011b a Zdrav\u011b","article_published_time":"2022-03-20T19:25:05+00:00","article_modified_time":"2023-05-17T17:11:36+00:00","og_image":[{"width":1200,"height":628,"url":"https:\/\/andrea.soltis.cz\/wp-content\/uploads\/2022\/03\/Navrh-bez-nazvu-1.png","type":"image\/png"}],"author":"Andrea \u0160oltisov\u00e1","twitter_card":"summary_large_image","twitter_misc":{"Napsal(a)":"Andrea \u0160oltisov\u00e1","Odhadovan\u00e1 doba \u010dten\u00ed":"8 minut"},"schema":{"@context":"https:\/\/schema.org","@graph":[{"@type":"Article","@id":"https:\/\/andrea.soltis.cz\/index.php\/2022\/03\/20\/ach-jo-zase-na-me-neco-leze\/#article","isPartOf":{"@id":"https:\/\/andrea.soltis.cz\/index.php\/2022\/03\/20\/ach-jo-zase-na-me-neco-leze\/"},"author":{"name":"Andrea \u0160oltisov\u00e1","@id":"https:\/\/andrea.soltis.cz\/#\/schema\/person\/a54682aae548588802cb28692c5ea061"},"headline":"Ach jo\u2026 Zase na m\u011b n\u011bco leze a chlap to nen\u00ed&#8230;","datePublished":"2022-03-20T19:25:05+00:00","dateModified":"2023-05-17T17:11:36+00:00","mainEntityOfPage":{"@id":"https:\/\/andrea.soltis.cz\/index.php\/2022\/03\/20\/ach-jo-zase-na-me-neco-leze\/"},"wordCount":1811,"commentCount":0,"publisher":{"@id":"https:\/\/andrea.soltis.cz\/#organization"},"image":{"@id":"https:\/\/andrea.soltis.cz\/index.php\/2022\/03\/20\/ach-jo-zase-na-me-neco-leze\/#primaryimage"},"thumbnailUrl":"https:\/\/andrea.soltis.cz\/wp-content\/uploads\/2022\/03\/Navrh-bez-nazvu-1.png","articleSection":["GDM"],"inLanguage":"cs","potentialAction":[{"@type":"CommentAction","name":"Comment","target":["https:\/\/andrea.soltis.cz\/index.php\/2022\/03\/20\/ach-jo-zase-na-me-neco-leze\/#respond"]}]},{"@type":"WebPage","@id":"https:\/\/andrea.soltis.cz\/index.php\/2022\/03\/20\/ach-jo-zase-na-me-neco-leze\/","url":"https:\/\/andrea.soltis.cz\/index.php\/2022\/03\/20\/ach-jo-zase-na-me-neco-leze\/","name":"Ach jo\u2026 Zase na m\u011b n\u011bco leze a chlap to nen\u00ed... - Bez Cukru Hrav\u011b a Zdrav\u011b","isPartOf":{"@id":"https:\/\/andrea.soltis.cz\/#website"},"primaryImageOfPage":{"@id":"https:\/\/andrea.soltis.cz\/index.php\/2022\/03\/20\/ach-jo-zase-na-me-neco-leze\/#primaryimage"},"image":{"@id":"https:\/\/andrea.soltis.cz\/index.php\/2022\/03\/20\/ach-jo-zase-na-me-neco-leze\/#primaryimage"},"thumbnailUrl":"https:\/\/andrea.soltis.cz\/wp-content\/uploads\/2022\/03\/Navrh-bez-nazvu-1.png","datePublished":"2022-03-20T19:25:05+00:00","dateModified":"2023-05-17T17:11:36+00:00","breadcrumb":{"@id":"https:\/\/andrea.soltis.cz\/index.php\/2022\/03\/20\/ach-jo-zase-na-me-neco-leze\/#breadcrumb"},"inLanguage":"cs","potentialAction":[{"@type":"ReadAction","target":["https:\/\/andrea.soltis.cz\/index.php\/2022\/03\/20\/ach-jo-zase-na-me-neco-leze\/"]}]},{"@type":"ImageObject","inLanguage":"cs","@id":"https:\/\/andrea.soltis.cz\/index.php\/2022\/03\/20\/ach-jo-zase-na-me-neco-leze\/#primaryimage","url":"https:\/\/andrea.soltis.cz\/wp-content\/uploads\/2022\/03\/Navrh-bez-nazvu-1.png","contentUrl":"https:\/\/andrea.soltis.cz\/wp-content\/uploads\/2022\/03\/Navrh-bez-nazvu-1.png","width":1200,"height":628},{"@type":"BreadcrumbList","@id":"https:\/\/andrea.soltis.cz\/index.php\/2022\/03\/20\/ach-jo-zase-na-me-neco-leze\/#breadcrumb","itemListElement":[{"@type":"ListItem","position":1,"name":"Dom\u016f","item":"https:\/\/andrea.soltis.cz\/"},{"@type":"ListItem","position":2,"name":"Ach jo\u2026 Zase na m\u011b n\u011bco leze a chlap to nen\u00ed&#8230;"}]},{"@type":"WebSite","@id":"https:\/\/andrea.soltis.cz\/#website","url":"https:\/\/andrea.soltis.cz\/","name":"Bez Cukru Hrav\u011b a Zdrav\u011b","description":"(NE)sladk\u00e9 t\u011bhotenstv\u00ed, aneb jak se vypo\u0159\u00e1dat s t\u011bhotenskou cukrovkou a prediabetem.","publisher":{"@id":"https:\/\/andrea.soltis.cz\/#organization"},"potentialAction":[{"@type":"SearchAction","target":{"@type":"EntryPoint","urlTemplate":"https:\/\/andrea.soltis.cz\/?s={search_term_string}"},"query-input":{"@type":"PropertyValueSpecification","valueRequired":true,"valueName":"search_term_string"}}],"inLanguage":"cs"},{"@type":"Organization","@id":"https:\/\/andrea.soltis.cz\/#organization","name":"Bez Cukru Hrav\u011b a Zdrav\u011b","url":"https:\/\/andrea.soltis.cz\/","logo":{"@type":"ImageObject","inLanguage":"cs","@id":"https:\/\/andrea.soltis.cz\/#\/schema\/logo\/image\/","url":"https:\/\/andrea.soltis.cz\/wp-content\/uploads\/2021\/12\/NEsladke-tehotenstvi-NEsladky-zivot-1.png","contentUrl":"https:\/\/andrea.soltis.cz\/wp-content\/uploads\/2021\/12\/NEsladke-tehotenstvi-NEsladky-zivot-1.png","width":500,"height":500,"caption":"Bez Cukru Hrav\u011b a Zdrav\u011b"},"image":{"@id":"https:\/\/andrea.soltis.cz\/#\/schema\/logo\/image\/"}},{"@type":"Person","@id":"https:\/\/andrea.soltis.cz\/#\/schema\/person\/a54682aae548588802cb28692c5ea061","name":"Andrea \u0160oltisov\u00e1","image":{"@type":"ImageObject","inLanguage":"cs","@id":"https:\/\/secure.gravatar.com\/avatar\/e26474e383891429595d6d329680667d545e61e884fbde7c12bebad9a60977cd?s=96&d=mm&r=g","url":"https:\/\/secure.gravatar.com\/avatar\/e26474e383891429595d6d329680667d545e61e884fbde7c12bebad9a60977cd?s=96&d=mm&r=g","contentUrl":"https:\/\/secure.gravatar.com\/avatar\/e26474e383891429595d6d329680667d545e61e884fbde7c12bebad9a60977cd?s=96&d=mm&r=g","caption":"Andrea \u0160oltisov\u00e1"},"description":"Jsem pr\u016fvodkyn\u00ed n\u00edzkosacharidovou stravou. V\u00edce o mn\u011b si m\u016f\u017eete p\u0159e\u010d\u00edst v m\u00e9m p\u0159\u00edb\u011bhu. Jsem autorkou online kurzu HRAV\u011a N\u00cdZKOSACHARIDOV\u011a a e-book\u016f M\u00e1 3 (NE)sladk\u00e1 t\u011bhotenstv\u00ed, 3+1 OSV\u011aD\u010cEN\u00ddCH TIP\u016e, JAK UDR\u017dET GLYK\u00c9MII NA UZD\u011a, Velikonoce s GDM, M\u016f\u017eu v\u016fbec jet na dovolenou???, U\u017eijte si V\u00e1noce i s t\u011bhotenskou cukrovkou,\u00a0 Afirmace pro lep\u0161\u00ed zvl\u00e1dnut\u00ed t\u011bhotensk\u00e9 cukrovky, zapisovac\u00edho den\u00edku M\u00e9 (NE)sladk\u00e9 t\u011bhotenstv\u00ed, e-kucha\u0159ky Ka\u017edodenn\u00ed recepty nejen p\u0159i t\u011bhotensk\u00e9 cukrovce\u00a0a e-booku 3 kl\u00ed\u010de ke zvl\u00e1dnut\u00ed t\u011bhotensk\u00e9 cukrovky.","sameAs":["http:\/\/andrea.soltis.cz"],"url":"https:\/\/andrea.soltis.cz\/index.php\/author\/ajusa-zakovagmail-com\/"}]}},"uagb_featured_image_src":{"full":["https:\/\/andrea.soltis.cz\/wp-content\/uploads\/2022\/03\/Navrh-bez-nazvu-1.png",1200,628,false],"thumbnail":["https:\/\/andrea.soltis.cz\/wp-content\/uploads\/2022\/03\/Navrh-bez-nazvu-1-150x150.png",150,150,true],"medium":["https:\/\/andrea.soltis.cz\/wp-content\/uploads\/2022\/03\/Navrh-bez-nazvu-1-300x157.png",300,157,true],"medium_large":["https:\/\/andrea.soltis.cz\/wp-content\/uploads\/2022\/03\/Navrh-bez-nazvu-1-768x402.png",768,402,true],"large":["https:\/\/andrea.soltis.cz\/wp-content\/uploads\/2022\/03\/Navrh-bez-nazvu-1-1024x536.png",1024,536,true],"1536x1536":["https:\/\/andrea.soltis.cz\/wp-content\/uploads\/2022\/03\/Navrh-bez-nazvu-1.png",1200,628,false],"2048x2048":["https:\/\/andrea.soltis.cz\/wp-content\/uploads\/2022\/03\/Navrh-bez-nazvu-1.png",1200,628,false]},"uagb_author_info":{"display_name":"Andrea \u0160oltisov\u00e1","author_link":"https:\/\/andrea.soltis.cz\/index.php\/author\/ajusa-zakovagmail-com\/"},"uagb_comment_info":2,"uagb_excerpt":"T\u011bhotn\u00e1 \u017eena, kter\u00e1 onemocn\u00ed, trp\u00ed\u2026 A co teprve t\u011bhotn\u00e1 \u017eena s t\u011bhotenskou cukrovkou! Je zn\u00e1mo, \u017ee v t\u011bhotenstv\u00ed se v\u011bt\u0161ina l\u00e9k\u016f na b\u011b\u017en\u00e9 infek\u010dn\u00ed nemoci nepod\u00e1v\u00e1, proto\u017ee mohou b\u00fdt pro miminko \u0161kodliv\u00e9 nebo na n\u011b nejsou studie v t\u011bhotenstv\u00ed. Norm\u00e1ln\u00ed t\u011bhotn\u00e1 \u017eena si v\u0161ak m\u016f\u017ee po\u0159\u00eddit r\u016fzn\u00e1 p\u0159\u00edrodn\u00ed l\u00e9\u010diva, nap\u0159\u00edklad sirupy na ka\u0161el, cucav\u00e9 pastilky&hellip;","_links":{"self":[{"href":"https:\/\/andrea.soltis.cz\/index.php\/wp-json\/wp\/v2\/posts\/2706","targetHints":{"allow":["GET"]}}],"collection":[{"href":"https:\/\/andrea.soltis.cz\/index.php\/wp-json\/wp\/v2\/posts"}],"about":[{"href":"https:\/\/andrea.soltis.cz\/index.php\/wp-json\/wp\/v2\/types\/post"}],"author":[{"embeddable":true,"href":"https:\/\/andrea.soltis.cz\/index.php\/wp-json\/wp\/v2\/users\/6"}],"replies":[{"embeddable":true,"href":"https:\/\/andrea.soltis.cz\/index.php\/wp-json\/wp\/v2\/comments?post=2706"}],"version-history":[{"count":0,"href":"https:\/\/andrea.soltis.cz\/index.php\/wp-json\/wp\/v2\/posts\/2706\/revisions"}],"wp:featuredmedia":[{"embeddable":true,"href":"https:\/\/andrea.soltis.cz\/index.php\/wp-json\/wp\/v2\/media\/2707"}],"wp:attachment":[{"href":"https:\/\/andrea.soltis.cz\/index.php\/wp-json\/wp\/v2\/media?parent=2706"}],"wp:term":[{"taxonomy":"category","embeddable":true,"href":"https:\/\/andrea.soltis.cz\/index.php\/wp-json\/wp\/v2\/categories?post=2706"},{"taxonomy":"post_tag","embeddable":true,"href":"https:\/\/andrea.soltis.cz\/index.php\/wp-json\/wp\/v2\/tags?post=2706"}],"curies":[{"name":"wp","href":"https:\/\/api.w.org\/{rel}","templated":true}]}}